{"id":19599,"date":"2008-07-21T00:00:00","date_gmt":"2008-07-21T00:00:00","guid":{"rendered":"http:\/\/www.malungo2.com.br\/pdt\/index.php\/direitos-humanos-aprova-radio-comunitaria-para-indigenas"},"modified":"2017-10-26T09:09:17","modified_gmt":"2017-10-26T11:09:17","slug":"direitos-humanos-aprova-radio-comunitaria-para-indigenas","status":"publish","type":"post","link":"https:\/\/pdt-rj.org.br\/index.php\/direitos-humanos-aprova-radio-comunitaria-para-indigenas\/","title":{"rendered":"Direitos Humanos aprova r\u00e1dio comunit\u00e1ria para ind\u00edgenas"},"content":{"rendered":"<p>A Comiss\u00e3o de Direitos Humanos e Minorias aprovou na quarta-feira (16) o Projeto de Lei 2490\/07, do deputado Eduardo Valverde (PT-RO), que estende \u00e0s comunidades ind\u00edgenas o direito de operar r\u00e1dio comunit\u00e1ria. A proposta, que altera a Lei 9.612\/98, recebeu parecer favor\u00e1vel do relator, deputado Sebasti\u00e3o Bala Rocha (PDT-AP), que apresentou uma emenda apenas para corrigir um erro de reda\u00e7\u00e3o. <br \/>Para o relator, o projeto atende \u00e0 necessidade de conferir aos \u00edndios um meio de difundir sua cultura, tradi\u00e7\u00f5es e h\u00e1bitos. De acordo com o texto, s\u00f3 poder\u00e3o dispor de r\u00e1dio comunit\u00e1ria as comunidades reconhecidas pelo Estado. Atualmente, a Lei 9.612\/98 concede o direito de explorar esse servi\u00e7o apenas \u00e0s funda\u00e7\u00f5es e associa\u00e7\u00f5es comunit\u00e1rias, sem fins lucrativos e legalmente institu\u00eddas. <br \/>Tramita\u00e7\u00e3o <br \/>A proposta, que tramita em car\u00e1ter conclusivo, ainda ser\u00e1 analisada pelas comiss\u00f5es de Ci\u00eancia e Tecnologia, Comunica\u00e7\u00e3o e Inform\u00e1tica; e de Constitui\u00e7\u00e3o e Justi\u00e7a e de Cidadania.<\/p>\n<!-- AddThis Advanced Settings generic via filter on the_content --><!-- AddThis Share Buttons generic via filter on the_content -->","protected":false},"excerpt":{"rendered":"<p>A Comiss\u00e3o de Direitos Humanos e Minorias aprovou na quarta-feira (16) o Projeto de Lei 2490\/07, do deputado Eduardo Valverde (PT-RO), que estende \u00e0s comunidades ind\u00edgenas o direito de operar r\u00e1dio comunit\u00e1ria. A proposta, que altera a Lei 9.612\/98, recebeu parecer favor\u00e1vel do relator, deputado Sebasti\u00e3o Bala Rocha (PDT-AP), que apresentou uma emenda apenas para&#8230;<!-- AddThis Advanced Settings generic via filter on wp_trim_excerpt --><!-- AddThis Share Buttons generic via filter on wp_trim_excerpt --><\/p>\n","protected":false},"author":17,"featured_media":0,"comment_status":"closed","ping_status":"open","sticky":false,"template":"","format":"standard","meta":{"_monsterinsights_skip_tracking":false,"_monsterinsights_sitenote_active":false,"_monsterinsights_sitenote_note":"","_monsterinsights_sitenote_category":0,"_uf_show_specific_survey":0,"_uf_disable_surveys":false,"footnotes":""},"categories":[976],"tags":[],"class_list":["post-19599","post","type-post","status-publish","format-standard","hentry","category-noticias-em-destaque"],"acf":[],"_links":{"self":[{"href":"https:\/\/pdt-rj.org.br\/index.php\/wp-json\/wp\/v2\/posts\/19599","targetHints":{"allow":["GET"]}}],"collection":[{"href":"https:\/\/pdt-rj.org.br\/index.php\/wp-json\/wp\/v2\/posts"}],"about":[{"href":"https:\/\/pdt-rj.org.br\/index.php\/wp-json\/wp\/v2\/types\/post"}],"author":[{"embeddable":true,"href":"https:\/\/pdt-rj.org.br\/index.php\/wp-json\/wp\/v2\/users\/17"}],"replies":[{"embeddable":true,"href":"https:\/\/pdt-rj.org.br\/index.php\/wp-json\/wp\/v2\/comments?post=19599"}],"version-history":[{"count":1,"href":"https:\/\/pdt-rj.org.br\/index.php\/wp-json\/wp\/v2\/posts\/19599\/revisions"}],"predecessor-version":[{"id":57056,"href":"https:\/\/pdt-rj.org.br\/index.php\/wp-json\/wp\/v2\/posts\/19599\/revisions\/57056"}],"wp:attachment":[{"href":"https:\/\/pdt-rj.org.br\/index.php\/wp-json\/wp\/v2\/media?parent=19599"}],"wp:term":[{"taxonomy":"category","embeddable":true,"href":"https:\/\/pdt-rj.org.br\/index.php\/wp-json\/wp\/v2\/categories?post=19599"},{"taxonomy":"post_tag","embeddable":true,"href":"https:\/\/pdt-rj.org.br\/index.php\/wp-json\/wp\/v2\/tags?post=19599"}],"curies":[{"name":"wp","href":"https:\/\/api.w.org\/{rel}","templated":true}]}}