{"id":19598,"date":"2008-07-17T00:00:00","date_gmt":"2008-07-17T00:00:00","guid":{"rendered":"http:\/\/www.malungo2.com.br\/pdt\/index.php\/pdt-assume-lideranca-do-bloco"},"modified":"2017-10-26T09:09:18","modified_gmt":"2017-10-26T11:09:18","slug":"12-assume-lideranca-do-bloco","status":"publish","type":"post","link":"https:\/\/pdt-rj.org.br\/index.php\/12-assume-lideranca-do-bloco\/","title":{"rendered":"PDT assume lideran\u00e7a do Bloco"},"content":{"rendered":"<p>O deputado M\u00e1rio Heringer(PDT-MG) \u00e9 o novo l\u00edder do Bloco de Esquerda, formado pelo PDT, PSB, PCdoB, PMN e PRB.&nbsp; Pelo rod\u00edzio , Heringer&nbsp; assume no lugar do deputado S\u00e9rgio Petec\u00e3o(PMN-AC).<\/p>\n<p>Conhe\u00e7a o deputado <a href=\"http:\/\/www.marioheringer.com.br\/\">M\u00e1rio Heringer<\/a><\/p>\n<!-- AddThis Advanced Settings generic via filter on the_content --><!-- AddThis Share Buttons generic via filter on the_content -->","protected":false},"excerpt":{"rendered":"<p>O deputado M\u00e1rio Heringer(PDT-MG) \u00e9 o novo l\u00edder do Bloco de Esquerda, formado pelo PDT, PSB, PCdoB, PMN e PRB.&nbsp; Pelo rod\u00edzio , Heringer&nbsp; assume no lugar do deputado S\u00e9rgio Petec\u00e3o(PMN-AC). Conhe\u00e7a o deputado M\u00e1rio Heringer<!-- AddThis Advanced Settings generic via filter on wp_trim_excerpt --><!-- AddThis Share Buttons generic via filter on wp_trim_excerpt --><\/p>\n","protected":false},"author":17,"featured_media":0,"comment_status":"closed","ping_status":"open","sticky":false,"template":"","format":"standard","meta":{"_monsterinsights_skip_tracking":false,"_monsterinsights_sitenote_active":false,"_monsterinsights_sitenote_note":"","_monsterinsights_sitenote_category":0,"_uf_show_specific_survey":0,"_uf_disable_surveys":false,"footnotes":""},"categories":[976],"tags":[],"class_list":["post-19598","post","type-post","status-publish","format-standard","hentry","category-noticias-em-destaque"],"acf":[],"_links":{"self":[{"href":"https:\/\/pdt-rj.org.br\/index.php\/wp-json\/wp\/v2\/posts\/19598","targetHints":{"allow":["GET"]}}],"collection":[{"href":"https:\/\/pdt-rj.org.br\/index.php\/wp-json\/wp\/v2\/posts"}],"about":[{"href":"https:\/\/pdt-rj.org.br\/index.php\/wp-json\/wp\/v2\/types\/post"}],"author":[{"embeddable":true,"href":"https:\/\/pdt-rj.org.br\/index.php\/wp-json\/wp\/v2\/users\/17"}],"replies":[{"embeddable":true,"href":"https:\/\/pdt-rj.org.br\/index.php\/wp-json\/wp\/v2\/comments?post=19598"}],"version-history":[{"count":1,"href":"https:\/\/pdt-rj.org.br\/index.php\/wp-json\/wp\/v2\/posts\/19598\/revisions"}],"predecessor-version":[{"id":57060,"href":"https:\/\/pdt-rj.org.br\/index.php\/wp-json\/wp\/v2\/posts\/19598\/revisions\/57060"}],"wp:attachment":[{"href":"https:\/\/pdt-rj.org.br\/index.php\/wp-json\/wp\/v2\/media?parent=19598"}],"wp:term":[{"taxonomy":"category","embeddable":true,"href":"https:\/\/pdt-rj.org.br\/index.php\/wp-json\/wp\/v2\/categories?post=19598"},{"taxonomy":"post_tag","embeddable":true,"href":"https:\/\/pdt-rj.org.br\/index.php\/wp-json\/wp\/v2\/tags?post=19598"}],"curies":[{"name":"wp","href":"https:\/\/api.w.org\/{rel}","templated":true}]}}