{"id":19361,"date":"2007-12-04T00:00:00","date_gmt":"2007-12-04T00:00:00","guid":{"rendered":"http:\/\/www.malungo2.com.br\/pdt\/index.php\/pedetista-quer-mais-debate-sobre-sucessao"},"modified":"2017-10-26T09:09:41","modified_gmt":"2017-10-26T11:09:41","slug":"pedetista-quer-mais-debate-sobre-sucessao","status":"publish","type":"post","link":"https:\/\/pdt-rj.org.br\/index.php\/pedetista-quer-mais-debate-sobre-sucessao\/","title":{"rendered":"Pedetista quer mais debate sobre sucess\u00e3o"},"content":{"rendered":"<p>Ainda que de forma diplom\u00e1tica, o PDT externou, ontem, que engrossar\u00e1 o \u0093coro\u0094 dos aliados que propor\u00e3o um debate mais amplo na esquerda, e n\u00e3o apenas a tese de uma candidatura \u00fanica, encabe\u00e7ada pelo secret\u00e1rio de Planejamento Participativo, Jo\u00e3o da Costa (PT). Para o deputado federal Wolney Queiroz, se os atuais resultados das pesquisas de inten\u00e7\u00e3o de voto &#8211; em que o ex-governador Mendon\u00e7a Filho (DEM) apareceliderando com folga &#8211; se mantiverem at\u00e9 o in\u00edcio do ano que vem, ser\u00e1 necess\u00e1rio se discutir uma nova estrat\u00e9gia para o grupo. Ele reconheceu que a base da PCR encontrasse numa situa\u00e7\u00e3o dif\u00edcil, a ponto de n\u00e3o descartar a \u0093colabora\u00e7\u00e3o\u0094 da candidatura do deputado federal Carlos Eduardo Cadoca (PSC) no pleito de 2008. <BR>\u0093Diante das \u00faltimas pesquisas, eu acho que a gente tem que refazer esse pensamento (de candidatura \u00fanica). Podemos ter v\u00e1rias candidaturas, mas com uma estrat\u00e9gia \u00fanica\u0094, disse o pedetista, durante entrevista \u00e0 R\u00e1dio Folha FM 96,7, referindo-se ao fato de que hoje a base est\u00e1 desunida com rela\u00e7\u00e3o \u00e0 sucess\u00e3o. \u0093Defender dois ou tr\u00eas nomes n\u00e3o significa implodir a alian\u00e7a, significa tentar contornar a situa\u00e7\u00e3o atual, que \u00e9 desfavor\u00e1vel para o nosso campo. Mas essa dire\u00e7\u00e3o tem que ser dada pelo prefeito Jo\u00e3o Paulo, porque n\u00e3o adianta a gente delegar ao prefeito o comando do processo e dizer que do jeito que ele quer n\u00e3o \u00e9 o bom\u0094, observou ele. Queiroz ainda enfatizou que, mesmo colocando-se como advers\u00e1rio \u00e0 PCR, a esquerda deve considerar Cadoca como uma esp\u00e9cie de aliado na disputa. \u0093A candidatura de Cadoca serve ao nosso campo. Metade dos votos de Cadoca seriam sugados por Mendon\u00e7a. Ent\u00e3o, eu acho que a gente tem que <BR>aproveitar essa candidatura\u0094, afirmou o pedetista.<\/p>\n<!-- AddThis Advanced Settings generic via filter on the_content --><!-- AddThis Share Buttons generic via filter on the_content -->","protected":false},"excerpt":{"rendered":"<p>Ainda que de forma diplom\u00e1tica, o PDT externou, ontem, que engrossar\u00e1 o \u0093coro\u0094 dos aliados que propor\u00e3o um debate mais amplo na esquerda, e n\u00e3o apenas a tese de uma candidatura \u00fanica, encabe\u00e7ada pelo secret\u00e1rio de Planejamento Participativo, Jo\u00e3o da Costa (PT). Para o deputado federal Wolney Queiroz, se os atuais resultados das pesquisas de&#8230;<!-- AddThis Advanced Settings generic via filter on wp_trim_excerpt --><!-- AddThis Share Buttons generic via filter on wp_trim_excerpt --><\/p>\n","protected":false},"author":17,"featured_media":0,"comment_status":"closed","ping_status":"open","sticky":false,"template":"","format":"standard","meta":{"_monsterinsights_skip_tracking":false,"_monsterinsights_sitenote_active":false,"_monsterinsights_sitenote_note":"","_monsterinsights_sitenote_category":0,"_uf_show_specific_survey":0,"_uf_disable_surveys":false,"footnotes":""},"categories":[976],"tags":[],"class_list":["post-19361","post","type-post","status-publish","format-standard","hentry","category-noticias-em-destaque"],"acf":[],"_links":{"self":[{"href":"https:\/\/pdt-rj.org.br\/index.php\/wp-json\/wp\/v2\/posts\/19361","targetHints":{"allow":["GET"]}}],"collection":[{"href":"https:\/\/pdt-rj.org.br\/index.php\/wp-json\/wp\/v2\/posts"}],"about":[{"href":"https:\/\/pdt-rj.org.br\/index.php\/wp-json\/wp\/v2\/types\/post"}],"author":[{"embeddable":true,"href":"https:\/\/pdt-rj.org.br\/index.php\/wp-json\/wp\/v2\/users\/17"}],"replies":[{"embeddable":true,"href":"https:\/\/pdt-rj.org.br\/index.php\/wp-json\/wp\/v2\/comments?post=19361"}],"version-history":[{"count":1,"href":"https:\/\/pdt-rj.org.br\/index.php\/wp-json\/wp\/v2\/posts\/19361\/revisions"}],"predecessor-version":[{"id":57284,"href":"https:\/\/pdt-rj.org.br\/index.php\/wp-json\/wp\/v2\/posts\/19361\/revisions\/57284"}],"wp:attachment":[{"href":"https:\/\/pdt-rj.org.br\/index.php\/wp-json\/wp\/v2\/media?parent=19361"}],"wp:term":[{"taxonomy":"category","embeddable":true,"href":"https:\/\/pdt-rj.org.br\/index.php\/wp-json\/wp\/v2\/categories?post=19361"},{"taxonomy":"post_tag","embeddable":true,"href":"https:\/\/pdt-rj.org.br\/index.php\/wp-json\/wp\/v2\/tags?post=19361"}],"curies":[{"name":"wp","href":"https:\/\/api.w.org\/{rel}","templated":true}]}}