{"id":19360,"date":"2007-12-03T00:00:00","date_gmt":"2007-12-03T00:00:00","guid":{"rendered":"http:\/\/www.malungo2.com.br\/pdt\/index.php\/adi-do-pdt-contra-tarifas-bancarias-abusivas-e-retirada-de-pauta"},"modified":"2017-10-26T09:09:42","modified_gmt":"2017-10-26T11:09:42","slug":"adi-do-12-contra-tarifas-bancarias-abusivas-e-retirada-de-pauta","status":"publish","type":"post","link":"https:\/\/pdt-rj.org.br\/index.php\/adi-do-12-contra-tarifas-bancarias-abusivas-e-retirada-de-pauta\/","title":{"rendered":"ADI do PDT contra tarifas banc\u00e1rias abusivas \u00e9 retirada de pauta"},"content":{"rendered":"<p>&nbsp;&nbsp;&nbsp;&nbsp;Impetrada pelo PDT h\u00e1&nbsp;11 anos, a A\u00e7\u00e3o de Inconstitucionalidade &#8211; ADI contra a cobran\u00e7a abusiva das tarifas banc\u00e1rias estava na pauta do Supremo Tribunal Federal no dia 29 de novembro, era o terceiro item a ser julgado, mas sem explica\u00e7\u00e3o foi retirada da pauta. Ainda n\u00e3o tem dada prevista para ser julgada.<BR><BR><A href=\"http:\/\/www.stf.gov.br\/portal\/peticaoInicial\/verPeticaoInicial.asp?base=ADIN&amp;s1=1495&amp;processo=1495\">Veja a \u00edntrega da ADI&nbsp;<\/A>&nbsp;&nbsp;&nbsp;&nbsp;<\/p>\n<!-- AddThis Advanced Settings generic via filter on the_content --><!-- AddThis Share Buttons generic via filter on the_content -->","protected":false},"excerpt":{"rendered":"<p>&nbsp;&nbsp;&nbsp;&nbsp;Impetrada pelo PDT h\u00e1&nbsp;11 anos, a A\u00e7\u00e3o de Inconstitucionalidade &#8211; ADI contra a cobran\u00e7a abusiva das tarifas banc\u00e1rias estava na pauta do Supremo Tribunal Federal no dia 29 de novembro, era o terceiro item a ser julgado, mas sem explica\u00e7\u00e3o foi retirada da pauta. Ainda n\u00e3o tem dada prevista para ser julgada.Veja a \u00edntrega da&#8230;<!-- AddThis Advanced Settings generic via filter on wp_trim_excerpt --><!-- AddThis Share Buttons generic via filter on wp_trim_excerpt --><\/p>\n","protected":false},"author":17,"featured_media":0,"comment_status":"closed","ping_status":"open","sticky":false,"template":"","format":"standard","meta":{"_monsterinsights_skip_tracking":false,"_monsterinsights_sitenote_active":false,"_monsterinsights_sitenote_note":"","_monsterinsights_sitenote_category":0,"_uf_show_specific_survey":0,"_uf_disable_surveys":false,"footnotes":""},"categories":[976],"tags":[],"class_list":["post-19360","post","type-post","status-publish","format-standard","hentry","category-noticias-em-destaque"],"acf":[],"_links":{"self":[{"href":"https:\/\/pdt-rj.org.br\/index.php\/wp-json\/wp\/v2\/posts\/19360","targetHints":{"allow":["GET"]}}],"collection":[{"href":"https:\/\/pdt-rj.org.br\/index.php\/wp-json\/wp\/v2\/posts"}],"about":[{"href":"https:\/\/pdt-rj.org.br\/index.php\/wp-json\/wp\/v2\/types\/post"}],"author":[{"embeddable":true,"href":"https:\/\/pdt-rj.org.br\/index.php\/wp-json\/wp\/v2\/users\/17"}],"replies":[{"embeddable":true,"href":"https:\/\/pdt-rj.org.br\/index.php\/wp-json\/wp\/v2\/comments?post=19360"}],"version-history":[{"count":1,"href":"https:\/\/pdt-rj.org.br\/index.php\/wp-json\/wp\/v2\/posts\/19360\/revisions"}],"predecessor-version":[{"id":57291,"href":"https:\/\/pdt-rj.org.br\/index.php\/wp-json\/wp\/v2\/posts\/19360\/revisions\/57291"}],"wp:attachment":[{"href":"https:\/\/pdt-rj.org.br\/index.php\/wp-json\/wp\/v2\/media?parent=19360"}],"wp:term":[{"taxonomy":"category","embeddable":true,"href":"https:\/\/pdt-rj.org.br\/index.php\/wp-json\/wp\/v2\/categories?post=19360"},{"taxonomy":"post_tag","embeddable":true,"href":"https:\/\/pdt-rj.org.br\/index.php\/wp-json\/wp\/v2\/tags?post=19360"}],"curies":[{"name":"wp","href":"https:\/\/api.w.org\/{rel}","templated":true}]}}