{"id":19356,"date":"2007-12-03T00:00:00","date_gmt":"2007-12-03T00:00:00","guid":{"rendered":"http:\/\/www.malungo2.com.br\/pdt\/index.php\/patricia-saboya-e-essencial-contato-entre-mae-e-bebe"},"modified":"2017-10-26T09:09:41","modified_gmt":"2017-10-26T11:09:41","slug":"patricia-saboya-e-essencial-contato-entre-mae-e-bebe","status":"publish","type":"post","link":"https:\/\/pdt-rj.org.br\/index.php\/patricia-saboya-e-essencial-contato-entre-mae-e-bebe\/","title":{"rendered":"Patr\u00edcia Saboya: \u00e9 essencial contato entre m\u00e3e e beb\u00ea"},"content":{"rendered":"<p>A senadora Patr\u00edcia Saboya (PDT-CE) lembrou, durante 3\u00ba F\u00f3rum Senado Debate Brasil, que o Senado aprovou recentemente um projeto de lei de sua autoria (PLS 281\/05) que amplia a licen\u00e7a maternidade de quatro para seis meses. A parlamentar afirmou que o projeto \u00e9 importante por aumentar o contato da m\u00e3e com o rec\u00e9m-nascido, o que ajudaria a criar um la\u00e7o maior entre os dois. <BR>\u0096 Existe hoje uma compreens\u00e3o maior do que \u00e9 a primeira inf\u00e2ncia, e de como os primeiros anos s\u00e3o fundamentais para o desenvolvimento f\u00edsico e intelectual \u0096 disse Patr\u00edcia. <BR>Outro participante do f\u00f3rum, o psiquiatra Salvador C\u00e9lia, declarou que a m\u00e3e deve receber mais aten\u00e7\u00e3o nos exames pr\u00e9-natal, o que poderia facilitar a detec\u00e7\u00e3o de depress\u00e3o na gestante. <BR>\u0096 O estresse pode se alastrar da m\u00e3e para o filho, gerando problemas para a crian\u00e7a \u0096 frisou Salvador.<\/p>\n<p>Jornal do Senado<\/p>\n<!-- AddThis Advanced Settings generic via filter on the_content --><!-- AddThis Share Buttons generic via filter on the_content -->","protected":false},"excerpt":{"rendered":"<p>A senadora Patr\u00edcia Saboya (PDT-CE) lembrou, durante 3\u00ba F\u00f3rum Senado Debate Brasil, que o Senado aprovou recentemente um projeto de lei de sua autoria (PLS 281\/05) que amplia a licen\u00e7a maternidade de quatro para seis meses. A parlamentar afirmou que o projeto \u00e9 importante por aumentar o contato da m\u00e3e com o rec\u00e9m-nascido, o que&#8230;<!-- AddThis Advanced Settings generic via filter on wp_trim_excerpt --><!-- AddThis Share Buttons generic via filter on wp_trim_excerpt --><\/p>\n","protected":false},"author":17,"featured_media":0,"comment_status":"closed","ping_status":"open","sticky":false,"template":"","format":"standard","meta":{"_monsterinsights_skip_tracking":false,"_monsterinsights_sitenote_active":false,"_monsterinsights_sitenote_note":"","_monsterinsights_sitenote_category":0,"_uf_show_specific_survey":0,"_uf_disable_surveys":false,"footnotes":""},"categories":[976],"tags":[],"class_list":["post-19356","post","type-post","status-publish","format-standard","hentry","category-noticias-em-destaque"],"acf":[],"_links":{"self":[{"href":"https:\/\/pdt-rj.org.br\/index.php\/wp-json\/wp\/v2\/posts\/19356","targetHints":{"allow":["GET"]}}],"collection":[{"href":"https:\/\/pdt-rj.org.br\/index.php\/wp-json\/wp\/v2\/posts"}],"about":[{"href":"https:\/\/pdt-rj.org.br\/index.php\/wp-json\/wp\/v2\/types\/post"}],"author":[{"embeddable":true,"href":"https:\/\/pdt-rj.org.br\/index.php\/wp-json\/wp\/v2\/users\/17"}],"replies":[{"embeddable":true,"href":"https:\/\/pdt-rj.org.br\/index.php\/wp-json\/wp\/v2\/comments?post=19356"}],"version-history":[{"count":1,"href":"https:\/\/pdt-rj.org.br\/index.php\/wp-json\/wp\/v2\/posts\/19356\/revisions"}],"predecessor-version":[{"id":57287,"href":"https:\/\/pdt-rj.org.br\/index.php\/wp-json\/wp\/v2\/posts\/19356\/revisions\/57287"}],"wp:attachment":[{"href":"https:\/\/pdt-rj.org.br\/index.php\/wp-json\/wp\/v2\/media?parent=19356"}],"wp:term":[{"taxonomy":"category","embeddable":true,"href":"https:\/\/pdt-rj.org.br\/index.php\/wp-json\/wp\/v2\/categories?post=19356"},{"taxonomy":"post_tag","embeddable":true,"href":"https:\/\/pdt-rj.org.br\/index.php\/wp-json\/wp\/v2\/tags?post=19356"}],"curies":[{"name":"wp","href":"https:\/\/api.w.org\/{rel}","templated":true}]}}