{"id":19353,"date":"2007-12-01T00:00:00","date_gmt":"2007-12-01T00:00:00","guid":{"rendered":"http:\/\/www.malungo2.com.br\/pdt\/index.php\/centrais-sindicais-fazem-nota-de-apoio"},"modified":"2017-10-26T09:09:42","modified_gmt":"2017-10-26T11:09:42","slug":"centrais-sindicais-fazem-nota-de-apoio","status":"publish","type":"post","link":"https:\/\/pdt-rj.org.br\/index.php\/centrais-sindicais-fazem-nota-de-apoio\/","title":{"rendered":"Centrais sindicais fazem nota de apoio"},"content":{"rendered":"<p>&nbsp;&nbsp;&nbsp;&nbsp;<br \/>\n<DIV><B><I><U>NOTA OFICIAL<\/U><\/I><\/B><\/DIV><br \/>\n<DIV><B><I><\/I><\/B>&nbsp;<\/DIV><br \/>\n<DIV><B><I>As centrais sindicais divulgaram a seguinte nota em solidariedade ao ministro Lupi<\/I><\/B><\/DIV><br \/>\n<DIV>As centrais sindicais que firmam a presente nota vem a p\u00fablico manifestar a sua solidariedade ao Ministro do Trabalho e Emprego, Carlos Lupi, por ocasi\u00e3o da recente decis\u00e3o da Comiss\u00e3o de \u00c9tica P\u00fablica, que determinou seu afastamento da presid\u00eancia do PDT, por considerar incompat\u00edvel o exerc\u00edcio de cargo p\u00fablico e de cargo de dire\u00e7\u00e3o partid\u00e1ria.<\/DIV><br \/>\n<DIV>&nbsp;<\/DIV><br \/>\n<DIV>O elevado comportamento moral, \u00e9tico e pol\u00edtico do ministro Lupi \u00e0 frente da pasta do Trabalho e Emprego \u00e9 uma incontest\u00e1vel demonstra\u00e7\u00e3o de que n\u00e3o h\u00e1 nenhuma incompatibilidade no exerc\u00edcio simult\u00e2neo dos cargos partid\u00e1rio e na administra\u00e7\u00e3o p\u00fablica que ocupa.<\/DIV><br \/>\n<DIV>&nbsp;<\/DIV><br \/>\n<DIV>Consideramos que a decis\u00e3o da Comiss\u00e3o de \u00c9tica P\u00fablica est\u00e1 eivada de interesses pol\u00edticos inconfess\u00e1veis, que se apresentam num momento em que as crescentes demandas dos trabalhadores pautam e s\u00e3o objeto de negocia\u00e7\u00f5es nas mais altas esferas da Rep\u00fablica, no Governo Federal e no Congresso Nacional, as quais t\u00eam contado invariavelmente com o apoio e o incentivo do Ministro do Trabalho e Emprego. <\/DIV><br \/>\n<DIV>&nbsp;<\/DIV><br \/>\n<DIV>\u00c9 uma exig\u00eancia dos trabalhadores e do conjunto da sociedade firme a\u00e7\u00e3o de todos os poderes da Rep\u00fablica visando coibir desmandos e pr\u00e1ticas que atentem ao interesse p\u00fablico e \u00e0 democracia. A a\u00e7\u00e3o pol\u00edtica emanada da Comiss\u00e3o de \u00c9tica P\u00fablica, presidida por um expoente dos interesses do sistema financeiro internacional no Brasil, Marc\u00edlio Marques Moreira, deve ser objeto de aten\u00e7\u00e3o do Presidente da Rep\u00fablica, a quem est\u00e1 vinculada, e merece, da parte dos trabalhadores, cr\u00edtica apurada e contundente.<\/DIV><br \/>\n<DIV>&nbsp;<\/DIV><br \/>\n<DIV>Em 30 de Novembro de 2007&nbsp; <\/DIV><br \/>\n<DIV>&nbsp;<\/DIV><br \/>\n<DIV>&nbsp;<\/DIV><br \/>\n<DIV><B>Paulo Pereira da Silva<\/B>, Paulinho,<\/DIV><br \/>\n<DIV>presidente da For\u00e7a Sindical<\/DIV><br \/>\n<DIV>&nbsp;<\/DIV><br \/>\n<DIV><B>Ricardo Patah<\/B>,<\/DIV><br \/>\n<DIV>presidente da UGT (Uni\u00e3o Geral dos Trabalhadores)<\/DIV><br \/>\n<DIV>&nbsp;<\/DIV><br \/>\n<DIV><B>Antonio Neto,<\/B><\/DIV><br \/>\n<DIV>presidente da CGTB (Central Geral dos Trabalhadores do Brasil)<\/DIV><br \/>\n<DIV>&nbsp;<\/DIV><br \/>\n<DIV>&nbsp;<\/DIV><br \/>\n<DIV><A href=\"http:\/\/pdt12.locaweb.com.br\/primeirapagina.asp?id=448 \" target=_blank><STRONG>Centrais tamb\u00e9m querem demiss\u00e3o de Marc\u00edlio Marques Moreira<\/STRONG><\/A><\/DIV><\/p>\n<!-- AddThis Advanced Settings generic via filter on the_content --><!-- AddThis Share Buttons generic via filter on the_content -->","protected":false},"excerpt":{"rendered":"<p>&nbsp;&nbsp;&nbsp;&nbsp; NOTA OFICIAL &nbsp; As centrais sindicais divulgaram a seguinte nota em solidariedade ao ministro Lupi As centrais sindicais que firmam a presente nota vem a p\u00fablico manifestar a sua solidariedade ao Ministro do Trabalho e Emprego, Carlos Lupi, por ocasi\u00e3o da recente decis\u00e3o da Comiss\u00e3o de \u00c9tica P\u00fablica, que determinou seu afastamento da presid\u00eancia&#8230;<!-- AddThis Advanced Settings generic via filter on wp_trim_excerpt --><!-- AddThis Share Buttons generic via filter on wp_trim_excerpt --><\/p>\n","protected":false},"author":17,"featured_media":0,"comment_status":"closed","ping_status":"open","sticky":false,"template":"","format":"standard","meta":{"_monsterinsights_skip_tracking":false,"_monsterinsights_sitenote_active":false,"_monsterinsights_sitenote_note":"","_monsterinsights_sitenote_category":0,"_uf_show_specific_survey":0,"_uf_disable_surveys":false,"footnotes":""},"categories":[976],"tags":[],"class_list":["post-19353","post","type-post","status-publish","format-standard","hentry","category-noticias-em-destaque"],"acf":[],"_links":{"self":[{"href":"https:\/\/pdt-rj.org.br\/index.php\/wp-json\/wp\/v2\/posts\/19353","targetHints":{"allow":["GET"]}}],"collection":[{"href":"https:\/\/pdt-rj.org.br\/index.php\/wp-json\/wp\/v2\/posts"}],"about":[{"href":"https:\/\/pdt-rj.org.br\/index.php\/wp-json\/wp\/v2\/types\/post"}],"author":[{"embeddable":true,"href":"https:\/\/pdt-rj.org.br\/index.php\/wp-json\/wp\/v2\/users\/17"}],"replies":[{"embeddable":true,"href":"https:\/\/pdt-rj.org.br\/index.php\/wp-json\/wp\/v2\/comments?post=19353"}],"version-history":[{"count":1,"href":"https:\/\/pdt-rj.org.br\/index.php\/wp-json\/wp\/v2\/posts\/19353\/revisions"}],"predecessor-version":[{"id":57295,"href":"https:\/\/pdt-rj.org.br\/index.php\/wp-json\/wp\/v2\/posts\/19353\/revisions\/57295"}],"wp:attachment":[{"href":"https:\/\/pdt-rj.org.br\/index.php\/wp-json\/wp\/v2\/media?parent=19353"}],"wp:term":[{"taxonomy":"category","embeddable":true,"href":"https:\/\/pdt-rj.org.br\/index.php\/wp-json\/wp\/v2\/categories?post=19353"},{"taxonomy":"post_tag","embeddable":true,"href":"https:\/\/pdt-rj.org.br\/index.php\/wp-json\/wp\/v2\/tags?post=19353"}],"curies":[{"name":"wp","href":"https:\/\/api.w.org\/{rel}","templated":true}]}}