{"id":19345,"date":"2007-11-29T00:00:00","date_gmt":"2007-11-29T00:00:00","guid":{"rendered":"http:\/\/www.malungo2.com.br\/pdt\/index.php\/varig-juiz-trabalhista-recomenda-levar-caso-ao-stf"},"modified":"2017-10-26T09:09:42","modified_gmt":"2017-10-26T11:09:42","slug":"varig-juiz-trabalhista-recomenda-levar-caso-ao-stf","status":"publish","type":"post","link":"https:\/\/pdt-rj.org.br\/index.php\/varig-juiz-trabalhista-recomenda-levar-caso-ao-stf\/","title":{"rendered":"Varig: juiz trabalhista recomenda levar caso ao STF"},"content":{"rendered":"<p><DIV>Os donos da nova Varig \u0096 respons\u00e1veis pela demiss\u00e3o dos 9 mil funcion\u00e1rios da antiga Varig que j\u00e1 foi a maior empresa a\u00e9rea da Am\u00e9rica Latina \u0096 n\u00e3o compareceram \u00e0 audi\u00eancia p\u00fablica para discutir o pagamento dos direitos trabalhistas dos demitidos. A audi\u00eancia foi realizada nesta quarta-feira (28\/11) na Comiss\u00e3o de Trabalho, Administra\u00e7\u00e3o e Servi\u00e7o P\u00fablico da C\u00e2mara Federal, convocada pela deputada Manuela D\u0092\u00c1vila (PCdoB-RS). <\/DIV><br \/>\n<DIV>&nbsp;<\/DIV><br \/>\n<DIV>Os trabalhadores do grupo Varig, os mais preparados da avia\u00e7\u00e3o civil brasileira, alguns h\u00e1 d\u00e9cadas trabalhando na companhia, foram todos demitidos de uma s\u00f3 vez &#8211; no dia 2 de agosto de 2006 &#8211; por telegrama, &nbsp;e at\u00e9 hoje n\u00e3o receberam um tost\u00e3o sequer de seus direitos trabalhistas, apesar deles serem assegurados pela CLT e pela Constitui\u00e7\u00e3o.<\/DIV><br \/>\n<DIV>&nbsp;<\/DIV><br \/>\n<DIV>\u0093\u00c9 evidente que al\u00e9m de prejudicar o debate, a aus\u00eancia da empresa acabou consolidando as opini\u00f5es dos trabalhadores demitidos que est\u00e3o sendo absolutamente prejudicados\u0094, afirmou Manuela D\u0092\u00c1vila sobre a atitude dos controladores da marca Varig, que em outra oportunidade, tamb\u00e9m se negaram a dar explica\u00e7\u00f5es na C\u00e2mara dos Deputados sobre o fim da maior empresa a\u00e9rea do pa\u00eds e a demiss\u00e3o, maci\u00e7a, de seus funcion\u00e1rios. <\/DIV><br \/>\n<DIV>&nbsp;<\/DIV><br \/>\n<DIV>Os novos controladores da empresa, com a ajuda da Justi\u00e7a, ficaram s\u00f3 com a chamada \u0093parte boa\u0094 da Varig, inclusive seu tradicional nome, descartando-se do que n\u00e3o os interessava \u0096 principalmente o pagamento das d\u00edvidas trabalhistas.<\/DIV><br \/>\n<DIV>&nbsp;<\/DIV><br \/>\n<DIV>Manuela D\u0092Avila decidiu recorrer ao presidente da Comiss\u00e3o de Trabalho, de Administra\u00e7\u00e3o e Servi\u00e7o P\u00fablico da C\u00e2mara, deputado Nelson Marquezeli (PTB-SP), para pedir provid\u00eancias que garantam o pagamento dos direitos dos antigos funcion\u00e1rios. \u0093Os parlamentares devem se unir para garantir os direitos j\u00e1 assegurados por lei\u0094, afirmou.<\/DIV><br \/>\n<DIV>&nbsp;<\/DIV><br \/>\n<DIV>Desde a demiss\u00e3o coletiva, com base na chamada \u0093Lei de Recupera\u00e7\u00e3o Judicial\u0094, come\u00e7ou uma batalha judicial entre os antigos funcion\u00e1rios da empresa e os novos controladores pelo pagamento dos sal\u00e1rios atrasados, rescis\u00f5es de contratos, 13\u00b0, f\u00e9rias e FGTS. <\/DIV><br \/>\n<DIV>&nbsp;<\/DIV><br \/>\n<DIV>Ontem na audi\u00eancia p\u00fablica, no plen\u00e1rio 12 da C\u00e2mara, &nbsp;o presidente da Associa\u00e7\u00e3o Nacional dos Magistrados da Justi\u00e7a do Trabalho (Anamatra), juiz Cl\u00e1udio Jos\u00e9 Montesso, destacou que a melhor forma de resolver o impasse da Varig, na sua opini\u00e3o, \u00e9 levar a quest\u00e3o jur\u00eddica para o Supremo Tribunal Federal j\u00e1 que a Constitui\u00e7\u00e3o brasileira n\u00e3o est\u00e1 sendo respeitada. Montesso disse tamb\u00e9m que \u00e9 urgente e necess\u00e1rio que a C\u00e2mara reveja a Lei de Recupera\u00e7\u00e3o Judicial (Lei 11.101\/05). &#8220;A parte social da lei n\u00e3o est\u00e1 sendo cumprida, nem vai ser, se n\u00e3o houver altera\u00e7\u00e3o; as empresas ficam com o lucro, mas n\u00e3o assumem os passivos&#8221;, destacou. <\/DIV><br \/>\n<DIV>&nbsp;<\/DIV><br \/>\n<DIV>O juiz Montesso acrescentou que na sua opini\u00e3o, a nova lei n\u00e3o trouxe nenhum avan\u00e7o para a legisla\u00e7\u00e3o existente, pelo contr\u00e1rio, porque que cabe \u00e0 justi\u00e7a comum decidir se quem assume uma empresa em liquida\u00e7\u00e3o fica tamb\u00e9m com o passivo trabalhista, fato que considera esdr\u00faxulo porque &nbsp;a Justi\u00e7a do Trabalho \u00e9 soberana. \u0093A situa\u00e7\u00e3o esdr\u00faxula a que chegamos \u00e9 que hoje se reconhece na vara empresarial a compet\u00eancia para tratar dessa sucess\u00e3o, mas para julgar os m\u00e9ritos dos pedidos de FGTS e outras coisas mais se devolve o processo para a Justi\u00e7a do Trabalho. N\u00f3s ter\u00edamos ent\u00e3o dois ramos do judici\u00e1rio atuando no mesmo processo\u0094, criticou.<\/DIV><br \/>\n<DIV>&nbsp;<\/DIV><br \/>\n<DIV>Seguindo os passos da Varig, a empresa BRA, que tamb\u00e9m interrompeu os seus v\u00f4os por problemas diversos, pretende recorrer a essa lei para resolver seus problemas de caixa \u0096 o que j\u00e1 est\u00e1 gerando preocupa\u00e7\u00e3o entre os seus mais de mil funcion\u00e1rios. Sindicalistas comentaram que se est\u00e1 sendo poss\u00edvel burlar os direitos dos milhares de trabalhadores da Varig, a maior do pa\u00eds, o mesmo pode acontecer com os trabalhadores da BRA.<\/DIV><br \/>\n<DIV>&nbsp;<\/DIV><br \/>\n<DIV>O PDT, em meados desse ano, <A href=\"http:\/\/pdt12.locaweb.com.br\/primeirapagina.asp?id=118\" target=_blank><STRONG>entrou com uma ADIN<\/STRONG><\/A><STRONG> <\/STRONG>questionando a lei de recupera\u00e7\u00e3o de empresas que foi usada pela Justi\u00e7a, e os novos controladores da VARIG, para demitir todos os funcion\u00e1rios da empresa a\u00e9rea. A Funda\u00e7\u00e3o Leonel Brizola \u0096 Alberto Pasqualini (FLB-AP) por sua vez, realizou em agosto <A href=\"http:\/\/www.pdt-rj.org.br\/primeirapagina.asp?id=1212\" target=_blank><STRONG>semin\u00e1rio sobre a crise a\u00e9rea no Brasil<\/STRONG><\/A> com a participa\u00e7\u00e3o da Associa\u00e7\u00e3o dos Pilotos da VARIG (Apvar), atrav\u00e9s do seu presidente, Elnio Borges, e de seu vice-presidente, Marcelo Duarte.<\/DIV>&nbsp;&nbsp;&nbsp;&nbsp;&nbsp;&nbsp;&nbsp;&nbsp;&nbsp;&nbsp;&nbsp;&nbsp;<\/p>\n<!-- AddThis Advanced Settings generic via filter on the_content --><!-- AddThis Share Buttons generic via filter on the_content -->","protected":false},"excerpt":{"rendered":"<p>Os donos da nova Varig \u0096 respons\u00e1veis pela demiss\u00e3o dos 9 mil funcion\u00e1rios da antiga Varig que j\u00e1 foi a maior empresa a\u00e9rea da Am\u00e9rica Latina \u0096 n\u00e3o compareceram \u00e0 audi\u00eancia p\u00fablica para discutir o pagamento dos direitos trabalhistas dos demitidos. A audi\u00eancia foi realizada nesta quarta-feira (28\/11) na Comiss\u00e3o de Trabalho, Administra\u00e7\u00e3o e Servi\u00e7o&#8230;<!-- AddThis Advanced Settings generic via filter on wp_trim_excerpt --><!-- AddThis Share Buttons generic via filter on wp_trim_excerpt --><\/p>\n","protected":false},"author":17,"featured_media":0,"comment_status":"closed","ping_status":"open","sticky":false,"template":"","format":"standard","meta":{"_monsterinsights_skip_tracking":false,"_monsterinsights_sitenote_active":false,"_monsterinsights_sitenote_note":"","_monsterinsights_sitenote_category":0,"_uf_show_specific_survey":0,"_uf_disable_surveys":false,"footnotes":""},"categories":[976],"tags":[],"class_list":["post-19345","post","type-post","status-publish","format-standard","hentry","category-noticias-em-destaque"],"acf":[],"_links":{"self":[{"href":"https:\/\/pdt-rj.org.br\/index.php\/wp-json\/wp\/v2\/posts\/19345","targetHints":{"allow":["GET"]}}],"collection":[{"href":"https:\/\/pdt-rj.org.br\/index.php\/wp-json\/wp\/v2\/posts"}],"about":[{"href":"https:\/\/pdt-rj.org.br\/index.php\/wp-json\/wp\/v2\/types\/post"}],"author":[{"embeddable":true,"href":"https:\/\/pdt-rj.org.br\/index.php\/wp-json\/wp\/v2\/users\/17"}],"replies":[{"embeddable":true,"href":"https:\/\/pdt-rj.org.br\/index.php\/wp-json\/wp\/v2\/comments?post=19345"}],"version-history":[{"count":1,"href":"https:\/\/pdt-rj.org.br\/index.php\/wp-json\/wp\/v2\/posts\/19345\/revisions"}],"predecessor-version":[{"id":57296,"href":"https:\/\/pdt-rj.org.br\/index.php\/wp-json\/wp\/v2\/posts\/19345\/revisions\/57296"}],"wp:attachment":[{"href":"https:\/\/pdt-rj.org.br\/index.php\/wp-json\/wp\/v2\/media?parent=19345"}],"wp:term":[{"taxonomy":"category","embeddable":true,"href":"https:\/\/pdt-rj.org.br\/index.php\/wp-json\/wp\/v2\/categories?post=19345"},{"taxonomy":"post_tag","embeddable":true,"href":"https:\/\/pdt-rj.org.br\/index.php\/wp-json\/wp\/v2\/tags?post=19345"}],"curies":[{"name":"wp","href":"https:\/\/api.w.org\/{rel}","templated":true}]}}