{"id":19338,"date":"2007-11-28T00:00:00","date_gmt":"2007-11-28T00:00:00","guid":{"rendered":"http:\/\/www.malungo2.com.br\/pdt\/index.php\/heringer-assina-emenda-para-juiz-de-fora"},"modified":"2017-10-26T09:09:43","modified_gmt":"2017-10-26T11:09:43","slug":"heringer-assina-emenda-para-juiz-de-fora","status":"publish","type":"post","link":"https:\/\/pdt-rj.org.br\/index.php\/heringer-assina-emenda-para-juiz-de-fora\/","title":{"rendered":"Heringer assina emenda para Juiz de Fora"},"content":{"rendered":"<p>&nbsp;&nbsp;&nbsp;&nbsp;<BR>Um grupo de oito deputados e um senador apresentou uma emenda coletiva ao Or\u00e7amento Geral da Uni\u00e3o de 2008, no valor de R$ 5,3 milh\u00f5es, para a Universidade Federal de Juiz de Fora, a serem aplicados na implanta\u00e7\u00e3o de um Jardim Bot\u00e2nico na Mata do Krambeck. O objetivo \u00e9 preservar a maior \u00e1rea remanescente de Mata Atl\u00e2ntica em per\u00edmetro urbano do mundo. O articulador da emenda foi o deputado J\u00falio Delgado (PSB), que destinou R$ 3,5 milh\u00f5es.&nbsp;<BR><BR>Ao se reunir em agosto com ambientalistas, representantes da OAB, faculdades de Biologia e Engenharia e investidores que adquiriram o S\u00edtio Mal\u00edcia, parte integrante da mata, J\u00falio assumiu o compromisso de buscar solu\u00e7\u00f5es para esse problema ambiental. Vamos lutar pela preserva\u00e7\u00e3o da Mata do Krambeck para as pr\u00f3ximas gera\u00e7\u00f5es, respeitando o direito de propriedade e ressarcindo os investimentos realizados pelos empreendedores, garantiu \u00e0 \u00e9poca. <BR>Tamb\u00e9m se juntaram a J\u00falio, com emendas que variam de R$ 100 mil a R$ 500 mil, o senador Wellington Salgado (PMDB-MG), os deputados mineiros M\u00e1rio Heringer (PDT), George Hilton (PP), Jos\u00e9 Fernando (PV), F\u00e1bio Ramalho (PV), Luiz Fernando Faria (PP), e Ciro Pedrosa (PV), al\u00e9m de Fernando Gabeira (PV-RJ), nascido em Juiz de Fora.<\/p>\n<p>Hoje em Dia<\/p>\n<!-- AddThis Advanced Settings generic via filter on the_content --><!-- AddThis Share Buttons generic via filter on the_content -->","protected":false},"excerpt":{"rendered":"<p>&nbsp;&nbsp;&nbsp;&nbsp;Um grupo de oito deputados e um senador apresentou uma emenda coletiva ao Or\u00e7amento Geral da Uni\u00e3o de 2008, no valor de R$ 5,3 milh\u00f5es, para a Universidade Federal de Juiz de Fora, a serem aplicados na implanta\u00e7\u00e3o de um Jardim Bot\u00e2nico na Mata do Krambeck. O objetivo \u00e9 preservar a maior \u00e1rea remanescente de&#8230;<!-- AddThis Advanced Settings generic via filter on wp_trim_excerpt --><!-- AddThis Share Buttons generic via filter on wp_trim_excerpt --><\/p>\n","protected":false},"author":17,"featured_media":0,"comment_status":"closed","ping_status":"open","sticky":false,"template":"","format":"standard","meta":{"_monsterinsights_skip_tracking":false,"_monsterinsights_sitenote_active":false,"_monsterinsights_sitenote_note":"","_monsterinsights_sitenote_category":0,"_uf_show_specific_survey":0,"_uf_disable_surveys":false,"footnotes":""},"categories":[976],"tags":[],"class_list":["post-19338","post","type-post","status-publish","format-standard","hentry","category-noticias-em-destaque"],"acf":[],"_links":{"self":[{"href":"https:\/\/pdt-rj.org.br\/index.php\/wp-json\/wp\/v2\/posts\/19338","targetHints":{"allow":["GET"]}}],"collection":[{"href":"https:\/\/pdt-rj.org.br\/index.php\/wp-json\/wp\/v2\/posts"}],"about":[{"href":"https:\/\/pdt-rj.org.br\/index.php\/wp-json\/wp\/v2\/types\/post"}],"author":[{"embeddable":true,"href":"https:\/\/pdt-rj.org.br\/index.php\/wp-json\/wp\/v2\/users\/17"}],"replies":[{"embeddable":true,"href":"https:\/\/pdt-rj.org.br\/index.php\/wp-json\/wp\/v2\/comments?post=19338"}],"version-history":[{"count":1,"href":"https:\/\/pdt-rj.org.br\/index.php\/wp-json\/wp\/v2\/posts\/19338\/revisions"}],"predecessor-version":[{"id":57300,"href":"https:\/\/pdt-rj.org.br\/index.php\/wp-json\/wp\/v2\/posts\/19338\/revisions\/57300"}],"wp:attachment":[{"href":"https:\/\/pdt-rj.org.br\/index.php\/wp-json\/wp\/v2\/media?parent=19338"}],"wp:term":[{"taxonomy":"category","embeddable":true,"href":"https:\/\/pdt-rj.org.br\/index.php\/wp-json\/wp\/v2\/categories?post=19338"},{"taxonomy":"post_tag","embeddable":true,"href":"https:\/\/pdt-rj.org.br\/index.php\/wp-json\/wp\/v2\/tags?post=19338"}],"curies":[{"name":"wp","href":"https:\/\/api.w.org\/{rel}","templated":true}]}}