{"id":19336,"date":"2007-11-27T00:00:00","date_gmt":"2007-11-27T00:00:00","guid":{"rendered":"http:\/\/www.malungo2.com.br\/pdt\/index.php\/camara-vai-reservar-dias-mais-fracos-para-propostas-dos-proprios-deputados"},"modified":"2017-10-26T09:09:44","modified_gmt":"2017-10-26T11:09:44","slug":"camara-vai-reservar-dias-mais-fracos-para-propostas-dos-proprios-deputados","status":"publish","type":"post","link":"https:\/\/pdt-rj.org.br\/index.php\/camara-vai-reservar-dias-mais-fracos-para-propostas-dos-proprios-deputados\/","title":{"rendered":"C\u00e2mara vai reservar dias mais fracos para propostas dos pr\u00f3prios deputados"},"content":{"rendered":"<p>Com alguns poucos projetos de iniciativa de deputados votados em plen\u00e1rio ao longo de 2007, o presidente da C\u00e2mara, Arlindo Chinaglia (PT-SP), anunciou ontem que vai propor aos l\u00edderes reservar as segundas e sextas-feiras para aprecia\u00e7\u00e3o de propostas dos parlamentares. Seria uma forma de atrair os deputados para as sess\u00f5es esvaziadas desses dois dias, mas os pr\u00f3prios l\u00edderes consideram que ser\u00e1 uma tentativa in\u00f3cua se n\u00e3o houver uma iniciativa concreta de limitar a edi\u00e7\u00e3o de medidas provis\u00f3rias. Embora bem-intencionada, a proposta pode confirmar a percep\u00e7\u00e3o de que os projetos do governo est\u00e3o mesmo em primeiro plano. <BR><BR>A pauta do plen\u00e1rio vive permanentemente trancada por MPs, que t\u00eam prefer\u00eancia sobre os demais projetos. Agora mesmo s\u00e3o cinco MPs trancando as demais vota\u00e7\u00f5es. S\u00e3o apreciadas, preferencialmente, \u00e0s ter\u00e7as e quartas-feiras, dias de qu\u00f3rum mais alto. <BR><BR>&#8211; J\u00e1 houve e h\u00e1 uma inten\u00e7\u00e3o de votar os projetos de iniciativa do Congresso nas segundas e sextas-feiras. Vou propor isso aos l\u00edderes &#8211; disse Chinaglia. <BR><BR>O l\u00edder do PDT, Miro Teixeira (RJ), v\u00ea a iniciativa como uma tentativa de Chinaglia de fortalecer o Parlamento. Mas avalia que sem a aprova\u00e7\u00e3o de emenda constitucional para limitar as MPs, n\u00e3o adianta marcar para nenhum dia da semana, porque a pauta estar\u00e1 trancada. <BR><BR>&#8211; O X da quest\u00e3o \u00e9 reduzir as MPs. Qualquer solu\u00e7\u00e3o fora disso n\u00e3o passar\u00e1 do terreno da boa vontade, revelada pelo Chinaglia, que quer fortalecer o Legislativo. S\u00f3 que tem que combinar com o outro lado da pra\u00e7a &#8211; disse Miro, explicando que a solu\u00e7\u00e3o passa pelo presidente Lula. <BR><BR>Com a lentid\u00e3o nas vota\u00e7\u00f5es de outras proposi\u00e7\u00f5es, al\u00e9m das MPs, Chinaglia informou que a vota\u00e7\u00e3o do protocolo que ratifica a entrada da Venezuela no Mercosul somente acontecer\u00e1, em plen\u00e1rio, ano que vem. Ele explicou que h\u00e1 um acordo para votar antes outras mat\u00e9rias, como a emenda constitucional que regulamenta o repasse de recursos para os munic\u00edpios e define o n\u00famero de vereadores . <BR><BR>&#8211; N\u00e3o creio que votemos este ano a quest\u00e3o da Venezuela. Temos outras quest\u00f5es pendentes &#8211; disse. <BR><BR>Para o novo l\u00edder do governo na C\u00e2mara, Henrique Fontana (PT-RS), o atraso n\u00e3o \u00e9 um problema: <BR><BR>&#8211; A rela\u00e7\u00e3o do Brasil com a Venezuela est\u00e1 bem, n\u00e3o precisamos ter pressa &#8211; disse Fontana<\/p>\n<!-- AddThis Advanced Settings generic via filter on the_content --><!-- AddThis Share Buttons generic via filter on the_content -->","protected":false},"excerpt":{"rendered":"<p>Com alguns poucos projetos de iniciativa de deputados votados em plen\u00e1rio ao longo de 2007, o presidente da C\u00e2mara, Arlindo Chinaglia (PT-SP), anunciou ontem que vai propor aos l\u00edderes reservar as segundas e sextas-feiras para aprecia\u00e7\u00e3o de propostas dos parlamentares. Seria uma forma de atrair os deputados para as sess\u00f5es esvaziadas desses dois dias, mas&#8230;<!-- AddThis Advanced Settings generic via filter on wp_trim_excerpt --><!-- AddThis Share Buttons generic via filter on wp_trim_excerpt --><\/p>\n","protected":false},"author":17,"featured_media":0,"comment_status":"closed","ping_status":"open","sticky":false,"template":"","format":"standard","meta":{"_monsterinsights_skip_tracking":false,"_monsterinsights_sitenote_active":false,"_monsterinsights_sitenote_note":"","_monsterinsights_sitenote_category":0,"_uf_show_specific_survey":0,"_uf_disable_surveys":false,"footnotes":""},"categories":[976],"tags":[],"class_list":["post-19336","post","type-post","status-publish","format-standard","hentry","category-noticias-em-destaque"],"acf":[],"_links":{"self":[{"href":"https:\/\/pdt-rj.org.br\/index.php\/wp-json\/wp\/v2\/posts\/19336","targetHints":{"allow":["GET"]}}],"collection":[{"href":"https:\/\/pdt-rj.org.br\/index.php\/wp-json\/wp\/v2\/posts"}],"about":[{"href":"https:\/\/pdt-rj.org.br\/index.php\/wp-json\/wp\/v2\/types\/post"}],"author":[{"embeddable":true,"href":"https:\/\/pdt-rj.org.br\/index.php\/wp-json\/wp\/v2\/users\/17"}],"replies":[{"embeddable":true,"href":"https:\/\/pdt-rj.org.br\/index.php\/wp-json\/wp\/v2\/comments?post=19336"}],"version-history":[{"count":1,"href":"https:\/\/pdt-rj.org.br\/index.php\/wp-json\/wp\/v2\/posts\/19336\/revisions"}],"predecessor-version":[{"id":57310,"href":"https:\/\/pdt-rj.org.br\/index.php\/wp-json\/wp\/v2\/posts\/19336\/revisions\/57310"}],"wp:attachment":[{"href":"https:\/\/pdt-rj.org.br\/index.php\/wp-json\/wp\/v2\/media?parent=19336"}],"wp:term":[{"taxonomy":"category","embeddable":true,"href":"https:\/\/pdt-rj.org.br\/index.php\/wp-json\/wp\/v2\/categories?post=19336"},{"taxonomy":"post_tag","embeddable":true,"href":"https:\/\/pdt-rj.org.br\/index.php\/wp-json\/wp\/v2\/tags?post=19336"}],"curies":[{"name":"wp","href":"https:\/\/api.w.org\/{rel}","templated":true}]}}