{"id":19333,"date":"2007-11-27T00:00:00","date_gmt":"2007-11-27T00:00:00","guid":{"rendered":"http:\/\/www.malungo2.com.br\/pdt\/index.php\/indaiatuba-sedia-encontro-do-pdt-2"},"modified":"2017-10-26T09:09:43","modified_gmt":"2017-10-26T11:09:43","slug":"indaiatuba-sedia-encontro-do-12-2","status":"publish","type":"post","link":"https:\/\/pdt-rj.org.br\/index.php\/indaiatuba-sedia-encontro-do-12-2\/","title":{"rendered":"Indaiatuba sedia encontro do PDT"},"content":{"rendered":"<p>&nbsp;Os deputados Reinaldo e Rog\u00e9rio Nogueira recepcionam no pr\u00f3ximo s\u00e1bado, dia 1\u00ba, em Indaiatuba, a partir das 9h, os participantes do Encontro Estadual do PDT. O evento acontece no Sal\u00e3o de Viber, que fica na Rua Goi\u00e1s, s\/n, pr\u00f3ximo ao Centro Esportivo do Trabalhador (CET). <BR>O presidente em exerc\u00edcio do PDT, Jos\u00e9 Gaspar Ferraz de Campos, salientou que todo o partido est\u00e1 engajado no objetivo de fazer deste evento um grande marco pol\u00edtico do PDT-SP, com formula\u00e7\u00e3o de conte\u00fado program\u00e1tico e afirma\u00e7\u00e3o de posi\u00e7\u00f5es pol\u00edticas. \u0093Ficamos felizes por Indaiatuba ter sido escolhida para sediar esse encontro que reunir\u00e1 lideran\u00e7as de todo o Estado para discutir o futuro do partido em S\u00e3o Paulo e buscar cada vez mais o seu fortalecimento\u0094, comenta o deputado estadual Rog\u00e9rio Nogueira. <BR>Reinaldo lembra que nas \u00faltimas elei\u00e7\u00f5es o partido j\u00e1 obteve um crescimento na Regi\u00e3o Metropolitana de Campinas (RMC), que \u00e9 composta de 19 munic\u00edpios. \u0093T\u00ednhamos duas Prefeituras e agora j\u00e1 somos quatro, al\u00e9m disso, ainda elegemos Salto, Rafard e mantivemos Capivari, que tamb\u00e9m n\u00e3o fazem parte da RMC, mas que est\u00e3o pr\u00f3ximas a Indaiatuba e ainda conseguimos varias cadeiras nas C\u00e2maras de Vereadores\u0094, recorda. O deputado federal ainda lembra que o Estado de S\u00e3o Paulo tinha apenas um deputado federal. \u0093Agora somos tr\u00eas e que representamos mais de 500 mil votos, isso mostra o crescimento do partido no Estado\u0094, acredita. <BR><\/p>\n<p>Mass Midia<\/p>\n<!-- AddThis Advanced Settings generic via filter on the_content --><!-- AddThis Share Buttons generic via filter on the_content -->","protected":false},"excerpt":{"rendered":"<p>&nbsp;Os deputados Reinaldo e Rog\u00e9rio Nogueira recepcionam no pr\u00f3ximo s\u00e1bado, dia 1\u00ba, em Indaiatuba, a partir das 9h, os participantes do Encontro Estadual do PDT. O evento acontece no Sal\u00e3o de Viber, que fica na Rua Goi\u00e1s, s\/n, pr\u00f3ximo ao Centro Esportivo do Trabalhador (CET). O presidente em exerc\u00edcio do PDT, Jos\u00e9 Gaspar Ferraz de&#8230;<!-- AddThis Advanced Settings generic via filter on wp_trim_excerpt --><!-- AddThis Share Buttons generic via filter on wp_trim_excerpt --><\/p>\n","protected":false},"author":17,"featured_media":0,"comment_status":"closed","ping_status":"open","sticky":false,"template":"","format":"standard","meta":{"_monsterinsights_skip_tracking":false,"_monsterinsights_sitenote_active":false,"_monsterinsights_sitenote_note":"","_monsterinsights_sitenote_category":0,"_uf_show_specific_survey":0,"_uf_disable_surveys":false,"footnotes":""},"categories":[976],"tags":[],"class_list":["post-19333","post","type-post","status-publish","format-standard","hentry","category-noticias-em-destaque"],"acf":[],"_links":{"self":[{"href":"https:\/\/pdt-rj.org.br\/index.php\/wp-json\/wp\/v2\/posts\/19333","targetHints":{"allow":["GET"]}}],"collection":[{"href":"https:\/\/pdt-rj.org.br\/index.php\/wp-json\/wp\/v2\/posts"}],"about":[{"href":"https:\/\/pdt-rj.org.br\/index.php\/wp-json\/wp\/v2\/types\/post"}],"author":[{"embeddable":true,"href":"https:\/\/pdt-rj.org.br\/index.php\/wp-json\/wp\/v2\/users\/17"}],"replies":[{"embeddable":true,"href":"https:\/\/pdt-rj.org.br\/index.php\/wp-json\/wp\/v2\/comments?post=19333"}],"version-history":[{"count":1,"href":"https:\/\/pdt-rj.org.br\/index.php\/wp-json\/wp\/v2\/posts\/19333\/revisions"}],"predecessor-version":[{"id":57307,"href":"https:\/\/pdt-rj.org.br\/index.php\/wp-json\/wp\/v2\/posts\/19333\/revisions\/57307"}],"wp:attachment":[{"href":"https:\/\/pdt-rj.org.br\/index.php\/wp-json\/wp\/v2\/media?parent=19333"}],"wp:term":[{"taxonomy":"category","embeddable":true,"href":"https:\/\/pdt-rj.org.br\/index.php\/wp-json\/wp\/v2\/categories?post=19333"},{"taxonomy":"post_tag","embeddable":true,"href":"https:\/\/pdt-rj.org.br\/index.php\/wp-json\/wp\/v2\/tags?post=19333"}],"curies":[{"name":"wp","href":"https:\/\/api.w.org\/{rel}","templated":true}]}}