{"id":19331,"date":"2007-11-27T00:00:00","date_gmt":"2007-11-27T00:00:00","guid":{"rendered":"http:\/\/www.malungo2.com.br\/pdt\/index.php\/manato-assume-diretorio-municipal-do-pdt"},"modified":"2017-10-26T09:09:43","modified_gmt":"2017-10-26T11:09:43","slug":"manato-assume-diretorio-municipal-do-12","status":"publish","type":"post","link":"https:\/\/pdt-rj.org.br\/index.php\/manato-assume-diretorio-municipal-do-12\/","title":{"rendered":"Manato assume diret\u00f3rio municipal do PDT"},"content":{"rendered":"<p>O deputado federal Manato \u00e9 o novo presidente do diret\u00f3rio municipal do PDT em Vit\u00f3ria &#8211; ES. A elei\u00e7\u00e3o foi realizada no \u00faltimo s\u00e1bado (24), durante a Conven\u00e7\u00e3o Municipal do partido, onde tamb\u00e9m teve seu nome indicado como pr\u00e9-candidato&nbsp;\u00e0 prefeitura no pr\u00f3ximo ano.<BR>&nbsp;<BR>Manato, que \u00e9 filiado desde 2001,&nbsp;exerce o segundo mandato como deputado federal e \u00e9 considerado um dos parlamentares mais atuantes no Legislativo Federal. Entre a bancada do Espirito Santo, foi um dos que mais apresentou projetos neste ano e ainda est\u00e1 entre os sete deputados que registram 100% de presen\u00e7a nas sess\u00f4es da C\u00e2mara. <BR>Mesmo com tanta dedica\u00e7\u00e3o em Bras\u00edlia, o deputado est\u00e1 otimista com reetrutura\u00e7\u00e3o do partido em Vit\u00f3ria, onde tamb\u00e9m conta com o apoio da maioria. <BR><\/p>\n<!-- AddThis Advanced Settings generic via filter on the_content --><!-- AddThis Share Buttons generic via filter on the_content -->","protected":false},"excerpt":{"rendered":"<p>O deputado federal Manato \u00e9 o novo presidente do diret\u00f3rio municipal do PDT em Vit\u00f3ria &#8211; ES. A elei\u00e7\u00e3o foi realizada no \u00faltimo s\u00e1bado (24), durante a Conven\u00e7\u00e3o Municipal do partido, onde tamb\u00e9m teve seu nome indicado como pr\u00e9-candidato&nbsp;\u00e0 prefeitura no pr\u00f3ximo ano.&nbsp;Manato, que \u00e9 filiado desde 2001,&nbsp;exerce o segundo mandato como deputado federal e&#8230;<!-- AddThis Advanced Settings generic via filter on wp_trim_excerpt --><!-- AddThis Share Buttons generic via filter on wp_trim_excerpt --><\/p>\n","protected":false},"author":17,"featured_media":0,"comment_status":"closed","ping_status":"open","sticky":false,"template":"","format":"standard","meta":{"_monsterinsights_skip_tracking":false,"_monsterinsights_sitenote_active":false,"_monsterinsights_sitenote_note":"","_monsterinsights_sitenote_category":0,"_uf_show_specific_survey":0,"_uf_disable_surveys":false,"footnotes":""},"categories":[976],"tags":[],"class_list":["post-19331","post","type-post","status-publish","format-standard","hentry","category-noticias-em-destaque"],"acf":[],"_links":{"self":[{"href":"https:\/\/pdt-rj.org.br\/index.php\/wp-json\/wp\/v2\/posts\/19331","targetHints":{"allow":["GET"]}}],"collection":[{"href":"https:\/\/pdt-rj.org.br\/index.php\/wp-json\/wp\/v2\/posts"}],"about":[{"href":"https:\/\/pdt-rj.org.br\/index.php\/wp-json\/wp\/v2\/types\/post"}],"author":[{"embeddable":true,"href":"https:\/\/pdt-rj.org.br\/index.php\/wp-json\/wp\/v2\/users\/17"}],"replies":[{"embeddable":true,"href":"https:\/\/pdt-rj.org.br\/index.php\/wp-json\/wp\/v2\/comments?post=19331"}],"version-history":[{"count":1,"href":"https:\/\/pdt-rj.org.br\/index.php\/wp-json\/wp\/v2\/posts\/19331\/revisions"}],"predecessor-version":[{"id":57306,"href":"https:\/\/pdt-rj.org.br\/index.php\/wp-json\/wp\/v2\/posts\/19331\/revisions\/57306"}],"wp:attachment":[{"href":"https:\/\/pdt-rj.org.br\/index.php\/wp-json\/wp\/v2\/media?parent=19331"}],"wp:term":[{"taxonomy":"category","embeddable":true,"href":"https:\/\/pdt-rj.org.br\/index.php\/wp-json\/wp\/v2\/categories?post=19331"},{"taxonomy":"post_tag","embeddable":true,"href":"https:\/\/pdt-rj.org.br\/index.php\/wp-json\/wp\/v2\/tags?post=19331"}],"curies":[{"name":"wp","href":"https:\/\/api.w.org\/{rel}","templated":true}]}}