{"id":19304,"date":"2007-11-12T00:00:00","date_gmt":"2007-11-12T00:00:00","guid":{"rendered":"http:\/\/www.malungo2.com.br\/pdt\/index.php\/jorge-magdaleno-assume-diretoria-na-fundacentro"},"modified":"2017-10-26T09:09:46","modified_gmt":"2017-10-26T11:09:46","slug":"jorge-magdaleno-assume-diretoria-na-fundacentro","status":"publish","type":"post","link":"https:\/\/pdt-rj.org.br\/index.php\/jorge-magdaleno-assume-diretoria-na-fundacentro\/","title":{"rendered":"Jorge Magdaleno assume diretoria na Fundacentro"},"content":{"rendered":"<p>&nbsp;&nbsp;<BR><BR><BR>Com a perspectiva de dar novo impulso \u00e0s atividades de pesquisa sobre sa\u00fade e seguran\u00e7a do trabalhador e de ampliar a dissemina\u00e7\u00e3o deste conhecimento para toda a sociedade, tomam posse na pr\u00f3xima ter\u00e7a-feira, dia 13 de novembro de 2007, \u00e0s 10h, os novos dirigentes da Funda\u00e7\u00e3o Jorge Duprat Figueiredo de Seguran\u00e7a e Medicina do Trabalho (Fundacentro). Com a presen\u00e7a do ministro do Trabalho e Emprego, Carlos Lupi, ter\u00e3o posse solene, na Presid\u00eancia, Dr. Jurandir B\u00f3ia Rocha, e na Diretoria Executiva, Jorge Paulo Magdaleno Filho. <BR><BR>\u00d3rg\u00e3o vinculado ao Minist\u00e9rio do Trabalho e Emprego, a Fundacentro executa suas atividades em um Centro T\u00e9cnico Nacional (CTN), na capital paulista, al\u00e9m de atuar em 13 unidades descentralizadas em outras onze capitais e em mais duas no pr\u00f3prio Estado de S\u00e3o Paulo, uma em Campinas e outra na Baixada Santista. O audit\u00f3rio Edson Hatem, onde ser\u00e1 realizada a posse solene, est\u00e1 localizado no CTN, \u00e0 rua Capote Valente n\u00ba 710, no bairro de Pinheiros, em S\u00e3o Paulo (SP). <BR><BR>Com nomea\u00e7\u00e3o publicada no dia 24 de outubro, o novo presidente da Fundacentro, o m\u00e9dico Jurandir B\u00f3ia sucede Rem\u00edgio Todeschini, atual diretor de Pol\u00edticas de Sa\u00fade e Seguran\u00e7a Ocupacional do Minist\u00e9rio da Previd\u00eancia Social. Na mesma data, Jorge Magdaleno, servidor p\u00fablico municipal do Rio de Janeiro, foi nomeado diretor executivo da institui\u00e7\u00e3o, no lugar de Osvaldo da Silva Bezerra. <BR><BR>Presidente <BR><BR>Ainda como estudante universit\u00e1rio, Jurandir B\u00f3ia fez parte da Diretoria da Uni\u00e3o Nacional dos Estudantes (UNE) em momento tumultuado, na gest\u00e3o 1963\/64, no per\u00edodo do Governo Jo\u00e3o Goulart. \u0093Um per\u00edodo muito conturbado, em uma gest\u00e3o inacabada por uma interven\u00e7\u00e3o da ditadura militar. J\u00e1 na \u00e9poca, lut\u00e1vamos por uma universidade p\u00fablica, de qualidade, livre e gratuita e que pudesse garantir o acesso aos filhos dos trabalhadores\u0094, relembrou o novo presidente da Fundacentro. <BR><BR>Jurandir foi deputado federal pelo Estado de Alagoas na \u00faltima legislatura e ocupou em duas oportunidades, nos governos de Ronaldo Lessa, no mesmo Estado, as secretarias de Sa\u00fade e de A\u00e7\u00e3o Social. No meio acad\u00eamico, o Dr. Jurandir foi professor e diretor da Faculdade de Medicina de Alagoas. <BR><BR>Natural de Macei\u00f3 (AL), Jurandir B\u00f3ia \u00e9 formado em Medicina pela Universidade Federal de Alagoas e especializado em otorrinolaringologia pelo Hospital dos Servidores do Estado do Rio de Janeiro. Revelando verdadeiro entusiasmo pela sua atividade, clinicou at\u00e9 dias antes de assumir o cargo de presidente da Fundacentro, institui\u00e7\u00e3o sobre a qual afirma ter boas refer\u00eancias. <BR><BR>\u0093Exercia minha profiss\u00e3o de m\u00e9dico quando, a convite do ministro do Trabalho e Emprego, Carlos Lupi, vim dirigir a Fundacentro\u0094, explicou o Dr. Jurandir. Com boas informa\u00e7\u00f5es sobre o n\u00edvel t\u00e9cnico e a qualifica\u00e7\u00e3o elevada dos servidores, ele se diz ainda mais empolgado para esse novo desafio de sua vida. \u0093Uma nova etapa da minha biografia\u0094, acrescenta entusiasmado, mas consciente de que ir\u00e1 cumprir o papel da institui\u00e7\u00e3o, \u0093n\u00e3o de forma isolada, mas de forma conjunta com todos os que fazem essa Fundacentro\u0094. <BR><BR>Ainda segundo o Dr. Jurandir, suas preocupa\u00e7\u00f5es s\u00e3o consonantes com as ansiedades e sonhos dos funcion\u00e1rios da Fundacentro. \u0093Sabedor das dificuldades a serem enfrentadas pela casa\u0094, o novo presidente garante que ter\u00e1 uma gest\u00e3o \u0093forte e ampliada, para que a institui\u00e7\u00e3o possa, cada vez mais, atender a quem precisa dela\u0094. <BR><BR>\u0093O que for poss\u00edvel ser\u00e1 feito, mas o imposs\u00edvel ser\u00e1 tentado tamb\u00e9m\u0094, prometeu o novo presidente. Ele assegura que n\u00e3o haver\u00e1 desencorajamento diante das dificuldades. \u0093Sou um sertanejo vindo do interior do Brasil, acostumado a viver dificuldades e elas tem que ser superadas. Aqui na Fundacentro, meu trabalho ser\u00e1 para exercer a plenitude da Sa\u00fade e Seguran\u00e7a do Trabalhador brasileiro\u0094, finalizou Jurandir B\u00f3ia. <BR><BR>Diretor-Executivo <BR><BR>Nascido em janeiro de 1971, no Rio de Janeiro (RJ), Jorge Magdaleno tornou-se Bacharel em Ci\u00eancias Cont\u00e1beis em 1991 e, j\u00e1 no ano seguinte, foi aprovado em concurso para contador do Previ-Rio \u0096 Instituto de Previd\u00eancia e Assist\u00eancia do Munic\u00edpio do Rio de Janeiro \u0096 para avaliar a gest\u00e3o or\u00e7ament\u00e1ria, financeira, patrimonial e operacional da entidade e, com isso, verificar a utiliza\u00e7\u00e3o regular dos recursos p\u00fablicos. <BR><BR>Em 1995, concluiu P\u00f3s-Gradua\u00e7\u00e3o em Ci\u00eancias Cont\u00e1beis \u0096 Contabilidade Empresarial e foi nomeado Diretor de Contabilidade do Previ-Rio para supervisionar as atividades de administra\u00e7\u00e3o financeira e o controle cont\u00e1bil. Presidiu a Associa\u00e7\u00e3o dos Servidores do mesmo instituto no per\u00edodo de 1999 a 2000. <BR><BR>No per\u00edodo de 2001 a 2005, foi um dos gestores do Previ-Rio, atuando no cargo de Diretor Administra\u00e7\u00e3o e Finan\u00e7as, em que pode avan\u00e7ar na busca do bem-estar dos servidores municipais e na garantia de seus direitos. <BR><BR>Especializado ent\u00e3o, na \u00e1rea de Previd\u00eancia P\u00fablica, nesses 15 anos como servidor focou sua atua\u00e7\u00e3o em regime pr\u00f3prio de Previd\u00eancia e bem-estar do trabalhador \u0096 atividades que come\u00e7avam a aproxim\u00e1-lo da Fundacentro. <BR><BR>\u0093A minha forma\u00e7\u00e3o foi voltada para o bem-estar do trabalhador. E ainda agrego o fato de ser servidor p\u00fablico, conhecer os problemas e os desafios. Com base nisso e valorizando o corpo t\u00e9cnico da Fundacentro, penso que teremos uma qu\u00edmica boa e as coisas poder\u00e3o evoluir e avan\u00e7ar bem mais\u0094, afirmou Magdaleno. <\/p>\n<!-- AddThis Advanced Settings generic via filter on the_content --><!-- AddThis Share Buttons generic via filter on the_content -->","protected":false},"excerpt":{"rendered":"<p>&nbsp;&nbsp;Com a perspectiva de dar novo impulso \u00e0s atividades de pesquisa sobre sa\u00fade e seguran\u00e7a do trabalhador e de ampliar a dissemina\u00e7\u00e3o deste conhecimento para toda a sociedade, tomam posse na pr\u00f3xima ter\u00e7a-feira, dia 13 de novembro de 2007, \u00e0s 10h, os novos dirigentes da Funda\u00e7\u00e3o Jorge Duprat Figueiredo de Seguran\u00e7a e Medicina do Trabalho&#8230;<!-- AddThis Advanced Settings generic via filter on wp_trim_excerpt --><!-- AddThis Share Buttons generic via filter on wp_trim_excerpt --><\/p>\n","protected":false},"author":17,"featured_media":0,"comment_status":"closed","ping_status":"open","sticky":false,"template":"","format":"standard","meta":{"_monsterinsights_skip_tracking":false,"_monsterinsights_sitenote_active":false,"_monsterinsights_sitenote_note":"","_monsterinsights_sitenote_category":0,"_uf_show_specific_survey":0,"_uf_disable_surveys":false,"footnotes":""},"categories":[976],"tags":[],"class_list":["post-19304","post","type-post","status-publish","format-standard","hentry","category-noticias-em-destaque"],"acf":[],"_links":{"self":[{"href":"https:\/\/pdt-rj.org.br\/index.php\/wp-json\/wp\/v2\/posts\/19304","targetHints":{"allow":["GET"]}}],"collection":[{"href":"https:\/\/pdt-rj.org.br\/index.php\/wp-json\/wp\/v2\/posts"}],"about":[{"href":"https:\/\/pdt-rj.org.br\/index.php\/wp-json\/wp\/v2\/types\/post"}],"author":[{"embeddable":true,"href":"https:\/\/pdt-rj.org.br\/index.php\/wp-json\/wp\/v2\/users\/17"}],"replies":[{"embeddable":true,"href":"https:\/\/pdt-rj.org.br\/index.php\/wp-json\/wp\/v2\/comments?post=19304"}],"version-history":[{"count":1,"href":"https:\/\/pdt-rj.org.br\/index.php\/wp-json\/wp\/v2\/posts\/19304\/revisions"}],"predecessor-version":[{"id":57334,"href":"https:\/\/pdt-rj.org.br\/index.php\/wp-json\/wp\/v2\/posts\/19304\/revisions\/57334"}],"wp:attachment":[{"href":"https:\/\/pdt-rj.org.br\/index.php\/wp-json\/wp\/v2\/media?parent=19304"}],"wp:term":[{"taxonomy":"category","embeddable":true,"href":"https:\/\/pdt-rj.org.br\/index.php\/wp-json\/wp\/v2\/categories?post=19304"},{"taxonomy":"post_tag","embeddable":true,"href":"https:\/\/pdt-rj.org.br\/index.php\/wp-json\/wp\/v2\/tags?post=19304"}],"curies":[{"name":"wp","href":"https:\/\/api.w.org\/{rel}","templated":true}]}}