{"id":19299,"date":"2007-11-09T00:00:00","date_gmt":"2007-11-09T00:00:00","guid":{"rendered":"http:\/\/www.malungo2.com.br\/pdt\/index.php\/pesquisa-mostra-que-ricos-estao-mais-ricos-no-brasil"},"modified":"2017-10-26T09:09:47","modified_gmt":"2017-10-26T11:09:47","slug":"pesquisa-mostra-que-ricos-estao-mais-ricos-no-brasil","status":"publish","type":"post","link":"https:\/\/pdt-rj.org.br\/index.php\/pesquisa-mostra-que-ricos-estao-mais-ricos-no-brasil\/","title":{"rendered":"Pesquisa mostra que ricos est\u00e3o mais ricos no Brasil"},"content":{"rendered":"<p>&nbsp;&nbsp;&nbsp;&nbsp;<br \/>\n<DIV><I>Renda m\u00e9dia das classes A e B, que recebem acima de R$ 3,8 mil, aumentou 7,3% em 2007<\/I><\/DIV><br \/>\n<DIV>&nbsp;<\/DIV><br \/>\n<DIV>S\u00c3O PAULO &#8211; A vida do brasileiro melhorou neste ano, especialmente dos mais ricos. A renda m\u00e9dia das fam\u00edlias das classes A e B, que recebem acima de dez sal\u00e1rios m\u00ednimos por m\u00eas (R$ 3,8 mil), aumentou 7,3% em 2007 em rela\u00e7\u00e3o ao ano passado. O resultado superou a taxa de crescimento da m\u00e9dia da popula\u00e7\u00e3o em geral, que foi de 5% para o per\u00edodo, e das classes mais pobres C e D\/E, que registraram acr\u00e9scimos de 4% e 2%, respectivamente.<\/DIV><br \/>\n<DIV>&nbsp;<\/DIV><br \/>\n<DIV>Os n\u00fameros fazem parte de um estudo do instituto de pesquisa LatinPanel que visita 8,2 mil domic\u00edlios semanalmente em todo o Pa\u00eds. A partir desses dados, foi tra\u00e7ado o perfil do or\u00e7amento dos brasileiros e feitas as proje\u00e7\u00f5es de renda e gastos.<\/DIV><br \/>\n<DIV>&nbsp;<\/DIV><br \/>\n<DIV>&#8220;Os ricos ficaram mais ricos neste ano&#8221;, afirma a diretora do instituto, Margareth Utimura. Houve crescimento da renda das classes A e B em quase todas as regi\u00f5es pesquisadas, exceto na Grande S\u00e3o Paulo, Grande Rio e no Sul. O maior acr\u00e9scimo ocorreu no Centro-Oeste (27,4%), seguido pelo interior de S\u00e3o Paulo (7%).<\/DIV><br \/>\n<DIV>&nbsp;<\/DIV><br \/>\n<DIV>Margareth aponta dois fatores, al\u00e9m da recupera\u00e7\u00e3o do emprego e da estabilidade de pre\u00e7os, que sustentaram a alta da renda dos mais ricos. Um deles foi o aumento m\u00e9dio de 27% das comiss\u00f5es recebidas neste ano, como a remunera\u00e7\u00e3o vari\u00e1vel paga pelas empresas. <\/DIV><br \/>\n<DIV>O outro fator foi o rendimento das aplica\u00e7\u00f5es financeiras, que mais que dobrou (216%) para essa camada. O corretor de im\u00f3veis Jos\u00e9 Eduardo de Arruda, de 50 anos, casado e pai de tr\u00eas filhas, sentiu no bolso essa folga na renda. &#8220;Desde o fim de 2006 estou conseguindo poupar 5% do que ganho&#8221;.<\/DIV><br \/>\n<DIV>&nbsp;<\/DIV><br \/>\n<DIV>A melhora, diz ele, \u00e9 reflexo do bom momento do mercado imobili\u00e1rio. Hoje o volume de neg\u00f3cios fechados \u00e9 10% superior ao do ano passado. Com mais dinheiro no bolso, ele est\u00e1 consumindo mais: aumentou os gastos com lazer e planeja adquirir o segundo carro. &#8220;Quero comprar um Fox, \u00e0 vista&#8221;.<\/DIV><br \/>\n<DIV>&nbsp;<\/DIV><br \/>\n<DIV>O estudo mostra que as classes A e B ampliaram em 26% os desembolsos com a compra de ve\u00edculos \u00e0 vista neste ano. Nas despesas gerais, os gastos dos mais ricos cresceram 5% e superaram a m\u00e9dia da popula\u00e7\u00e3o (4%).<\/DIV><br \/>\n<DIV>&nbsp;<\/DIV><br \/>\n<DIV>Os gastos das classes C e D\/E cresceram abaixo da m\u00e9dia geral, com varia\u00e7\u00e3o de 2% e 3% respectivamente. A novidade \u00e9 que o desembolso dessas camadas de renda menor est\u00e1 mais direcionados para produtos que proporcionam mais qualidade de vida e praticidade. <\/DIV><br \/>\n<DIV>&nbsp;<\/DIV><br \/>\n<DIV>Nesse rol, aumentaram gastos com iogurte, molhos, materiais de constru\u00e7\u00e3o para reforma. As compras da fam\u00edlia de Sebasti\u00e3o e M\u00f4nica de Souza Amaral, moradores de Itaquera, na Zona Leste de S\u00e3o Paulo, por exemplo, mudaram muito nos \u00faltimos anos. <\/DIV><br \/>\n<DIV>&nbsp;<\/DIV><br \/>\n<DIV>&#8220;Os sup\u00e9rfluos est\u00e3o mais em conta&#8221;, diz M\u00f4nica. Achocolatados, biscoitos, sorvetes, sucos industrializados e congelados passaram a fazer parte da despesa. Ela diz que o or\u00e7amento est\u00e1 mais equilibrado. O estudo mostra que, pelo segundo ano consecutivo, a renda superou o gasto da popula\u00e7\u00e3o.<\/DIV><br \/>\n<DIV>&nbsp;<\/DIV><br \/>\n<DIV><EM><STRONG>Fonte: \u0093Tribuna da Imprensa\u0094, 9\/11\/2007<\/STRONG><\/EM><\/DIV><\/p>\n<!-- AddThis Advanced Settings generic via filter on the_content --><!-- AddThis Share Buttons generic via filter on the_content -->","protected":false},"excerpt":{"rendered":"<p>&nbsp;&nbsp;&nbsp;&nbsp; Renda m\u00e9dia das classes A e B, que recebem acima de R$ 3,8 mil, aumentou 7,3% em 2007 &nbsp; S\u00c3O PAULO &#8211; A vida do brasileiro melhorou neste ano, especialmente dos mais ricos. A renda m\u00e9dia das fam\u00edlias das classes A e B, que recebem acima de dez sal\u00e1rios m\u00ednimos por m\u00eas (R$ 3,8&#8230;<!-- AddThis Advanced Settings generic via filter on wp_trim_excerpt --><!-- AddThis Share Buttons generic via filter on wp_trim_excerpt --><\/p>\n","protected":false},"author":17,"featured_media":0,"comment_status":"closed","ping_status":"open","sticky":false,"template":"","format":"standard","meta":{"_monsterinsights_skip_tracking":false,"_monsterinsights_sitenote_active":false,"_monsterinsights_sitenote_note":"","_monsterinsights_sitenote_category":0,"_uf_show_specific_survey":0,"_uf_disable_surveys":false,"footnotes":""},"categories":[976],"tags":[],"class_list":["post-19299","post","type-post","status-publish","format-standard","hentry","category-noticias-em-destaque"],"acf":[],"_links":{"self":[{"href":"https:\/\/pdt-rj.org.br\/index.php\/wp-json\/wp\/v2\/posts\/19299","targetHints":{"allow":["GET"]}}],"collection":[{"href":"https:\/\/pdt-rj.org.br\/index.php\/wp-json\/wp\/v2\/posts"}],"about":[{"href":"https:\/\/pdt-rj.org.br\/index.php\/wp-json\/wp\/v2\/types\/post"}],"author":[{"embeddable":true,"href":"https:\/\/pdt-rj.org.br\/index.php\/wp-json\/wp\/v2\/users\/17"}],"replies":[{"embeddable":true,"href":"https:\/\/pdt-rj.org.br\/index.php\/wp-json\/wp\/v2\/comments?post=19299"}],"version-history":[{"count":1,"href":"https:\/\/pdt-rj.org.br\/index.php\/wp-json\/wp\/v2\/posts\/19299\/revisions"}],"predecessor-version":[{"id":57336,"href":"https:\/\/pdt-rj.org.br\/index.php\/wp-json\/wp\/v2\/posts\/19299\/revisions\/57336"}],"wp:attachment":[{"href":"https:\/\/pdt-rj.org.br\/index.php\/wp-json\/wp\/v2\/media?parent=19299"}],"wp:term":[{"taxonomy":"category","embeddable":true,"href":"https:\/\/pdt-rj.org.br\/index.php\/wp-json\/wp\/v2\/categories?post=19299"},{"taxonomy":"post_tag","embeddable":true,"href":"https:\/\/pdt-rj.org.br\/index.php\/wp-json\/wp\/v2\/tags?post=19299"}],"curies":[{"name":"wp","href":"https:\/\/api.w.org\/{rel}","templated":true}]}}