{"id":19298,"date":"2007-11-08T00:00:00","date_gmt":"2007-11-08T00:00:00","guid":{"rendered":"http:\/\/www.malungo2.com.br\/pdt\/index.php\/jefferson-peres-joao-lyra-reitera-denuncias-contra-renan"},"modified":"2017-10-26T09:09:47","modified_gmt":"2017-10-26T11:09:47","slug":"jefferson-peres-joao-lyra-reitera-denuncias-contra-renan","status":"publish","type":"post","link":"https:\/\/pdt-rj.org.br\/index.php\/jefferson-peres-joao-lyra-reitera-denuncias-contra-renan\/","title":{"rendered":"Jefferson P\u00e9res: Jo\u00e3o Lyra reitera den\u00fancias contra Renan"},"content":{"rendered":"<p>&nbsp;Memorial enviado ao Conselho de \u00c9tica reitera informa\u00e7\u00e3o de sociedade oculta com Renan&nbsp;<BR><BR>O usineiro Jo\u00e3o Lyra reiterou as den\u00fancias contra Renan Calheiros (PMDB-AL), presidente licenciado do Senado. Em memorial de 12 p\u00e1ginas encaminhado ao senador J efferson P\u00e9res ( P DT &#8211; AM), relator do processo no Conselho de \u00c9tica que apura irregularidades em neg\u00f3cios de emissoras de r\u00e1dio envolvendo o peemedebista, Lyra confirma as acusa\u00e7\u00f5es de que Renan teria firmado sociedade oculta com ele para a compra de um grupo de comunica\u00e7\u00e3o em Alagoas. P\u00e9res combinou com o presidente do conselho, Leomar Quintanilha (PMDB-TO), de entregar seu parecer sobre o caso at\u00e9 quarta-feira.&nbsp;<BR><BR>No documento, Lyra n\u00e3o avan\u00e7a em informa\u00e7\u00f5es sobre a suposta sociedade oculta. Ele se defendeu das acusa\u00e7\u00f5es de Renan, que o taxa de inimigo pol\u00edtico \u0097 no passado, eles foram aliados. Al\u00e9m do memorial, o relator recebeu outros pap\u00e9is do usineiro. O integrante do PDT, por\u00e9m, n\u00e3o quis antecipar o teor sem antes notificar Renan da chegada da documenta\u00e7\u00e3o. P\u00e9res e o presidente licenciado se cumprimentaram ontem \u00e0 tarde no plen\u00e1rio e conversaram por cinco minutos.&nbsp;<BR><BR>O relator faz mist\u00e9rio sobre o parecer que pretende apresentar na semana que vem. P\u00e9res ainda espera informa\u00e7\u00f5es para chegar a uma conclus\u00e3o. At\u00e9 o fim de semana, ele deve receber as respostas do empres\u00e1rio Tito Uch\u00f4a. Primo do presidente licenciado do Senado, o empres\u00e1rio teria registrado o grupo de comunica\u00e7\u00e3o em seu nome. O pedetista vai ouvir, na ter\u00e7a-feira, o depoimento do governador de Alagoas, Teot\u00f4nio Vilella Filho (PSDB), arrolado como testemunha de defesa por Renan. Outros dois relatores que cuidam de processos contra o peemedebista, Jo\u00e3o Pedro (PT-AM) e Almeida Lima (PMDB-SE), trabalham com a possibilidade de concluir suas investiga\u00e7\u00f5es at\u00e9 a semana que vem.&nbsp;&nbsp;&nbsp;&nbsp;<\/p>\n<p>Correio Braziliense<\/p>\n<!-- AddThis Advanced Settings generic via filter on the_content --><!-- AddThis Share Buttons generic via filter on the_content -->","protected":false},"excerpt":{"rendered":"<p>&nbsp;Memorial enviado ao Conselho de \u00c9tica reitera informa\u00e7\u00e3o de sociedade oculta com Renan&nbsp;O usineiro Jo\u00e3o Lyra reiterou as den\u00fancias contra Renan Calheiros (PMDB-AL), presidente licenciado do Senado. Em memorial de 12 p\u00e1ginas encaminhado ao senador J efferson P\u00e9res ( P DT &#8211; AM), relator do processo no Conselho de \u00c9tica que apura irregularidades em neg\u00f3cios&#8230;<!-- AddThis Advanced Settings generic via filter on wp_trim_excerpt --><!-- AddThis Share Buttons generic via filter on wp_trim_excerpt --><\/p>\n","protected":false},"author":17,"featured_media":0,"comment_status":"closed","ping_status":"open","sticky":false,"template":"","format":"standard","meta":{"_monsterinsights_skip_tracking":false,"_monsterinsights_sitenote_active":false,"_monsterinsights_sitenote_note":"","_monsterinsights_sitenote_category":0,"_uf_show_specific_survey":0,"_uf_disable_surveys":false,"footnotes":""},"categories":[976],"tags":[],"class_list":["post-19298","post","type-post","status-publish","format-standard","hentry","category-noticias-em-destaque"],"acf":[],"_links":{"self":[{"href":"https:\/\/pdt-rj.org.br\/index.php\/wp-json\/wp\/v2\/posts\/19298","targetHints":{"allow":["GET"]}}],"collection":[{"href":"https:\/\/pdt-rj.org.br\/index.php\/wp-json\/wp\/v2\/posts"}],"about":[{"href":"https:\/\/pdt-rj.org.br\/index.php\/wp-json\/wp\/v2\/types\/post"}],"author":[{"embeddable":true,"href":"https:\/\/pdt-rj.org.br\/index.php\/wp-json\/wp\/v2\/users\/17"}],"replies":[{"embeddable":true,"href":"https:\/\/pdt-rj.org.br\/index.php\/wp-json\/wp\/v2\/comments?post=19298"}],"version-history":[{"count":1,"href":"https:\/\/pdt-rj.org.br\/index.php\/wp-json\/wp\/v2\/posts\/19298\/revisions"}],"predecessor-version":[{"id":57344,"href":"https:\/\/pdt-rj.org.br\/index.php\/wp-json\/wp\/v2\/posts\/19298\/revisions\/57344"}],"wp:attachment":[{"href":"https:\/\/pdt-rj.org.br\/index.php\/wp-json\/wp\/v2\/media?parent=19298"}],"wp:term":[{"taxonomy":"category","embeddable":true,"href":"https:\/\/pdt-rj.org.br\/index.php\/wp-json\/wp\/v2\/categories?post=19298"},{"taxonomy":"post_tag","embeddable":true,"href":"https:\/\/pdt-rj.org.br\/index.php\/wp-json\/wp\/v2\/tags?post=19298"}],"curies":[{"name":"wp","href":"https:\/\/api.w.org\/{rel}","templated":true}]}}