{"id":19297,"date":"2007-11-08T00:00:00","date_gmt":"2007-11-08T02:00:00","guid":{"rendered":"http:\/\/www.malungo2.com.br\/pdt\/index.php\/andre-figueiredo-toma-posse-como-secretario-executivo-do-mte"},"modified":"2017-01-26T16:35:04","modified_gmt":"2017-01-26T18:35:04","slug":"andre-figueiredo-toma-posse-como-secretario-executivo-do-mte","status":"publish","type":"post","link":"https:\/\/pdt-rj.org.br\/index.php\/andre-figueiredo-toma-posse-como-secretario-executivo-do-mte\/","title":{"rendered":"Andr\u00e9 Figueiredo toma posse como secret\u00e1rio executivo do MTE"},"content":{"rendered":"<p>&nbsp;O ministro do Trabalho e Emprego, Carlos Lupi, empossou na ter\u00e7a-feira (6) o novo secret\u00e1rio-executivo do minist\u00e9rio, o ex-deputado federal Andr\u00e9 Figueiredo (CE). Ele assume o lugar do ex-governador de Alagoas, Ronaldo Lessa, que passa a atuar como assessor especial do ministro. O ato de posse aconteceu no audit\u00f3rio do minist\u00e9rio e contou com a presen\u00e7a de deputados, senadores e servidores.&nbsp;<BR><BR>Ao empossar Figueiredo, o ministro Lupi ressaltou a import\u00e2ncia de fazer da gest\u00e3o p\u00fablica um verdadeiro sacerd\u00f3cio, afirmando que &#8220;esse minist\u00e9rio vai ganhar uma marca de quem trabalha e voc\u00eas v\u00e3o se orgulhar dele, ainda mais com a experi\u00eancia administrativa que Andr\u00e9 acumulou durante os anos&#8221;. A secretaria executiva \u00e9 a \u00e1rea respons\u00e1vel por coordenar e executar todas as atividades da pasta.&nbsp;<BR><BR>O novo secret\u00e1rio executivo, Andr\u00e9 Figueiredo, enfatizou que ir\u00e1 se empenhar na implementa\u00e7\u00e3o do plano de cargos e carreira dos servidores, de maneira a valorizar os funcion\u00e1rios do minist\u00e9rio. &#8220;Nossa miss\u00e3o \u00e9 fazer com que a gest\u00e3o de Lupi seja reconhecida como a gest\u00e3o de quem realmente se dedica ao trabalhador&#8221;, afirmou Figueiredo. Dentro da hierarquia do Minist\u00e9rio, o secret\u00e1rio executivo ocupa a fun\u00e7\u00e3o de ministro interino sempre que o titular viaja ao exterior. <BR>Natural de Fortaleza, Andr\u00e9 Peixoto Figueiredo \u00e9 formado em Economia e Direito, especializado em Com\u00e9rcio Exterior. Filiado ao PDT desde 1985, come\u00e7ou a trajet\u00f3ria pol\u00edtica como presidente da Juventude Socialista do partido. Em 1994, assumiu o primeiro cargo p\u00fablico, como subsecret\u00e1rio estadual de <BR>Desenvolvimento Urbano e Meio Ambiente do Cear\u00e1. Onze anos depois, tomou a frente da Secretaria de Esporte e Juventude, no mesmo estado. Em 2005 assumiu mandato de deputado federal, sendo eleito vice-l\u00edder da bancada do PDT. Atualmente \u00e9 presidente Estadual do PDT cearense.<\/p>\n<p>MTE<\/p>\n<!-- AddThis Advanced Settings generic via filter on the_content --><!-- AddThis Share Buttons generic via filter on the_content -->","protected":false},"excerpt":{"rendered":"<p>&nbsp;O ministro do Trabalho e Emprego, Carlos Lupi, empossou na ter\u00e7a-feira (6) o novo secret\u00e1rio-executivo do minist\u00e9rio, o ex-deputado federal Andr\u00e9 Figueiredo (CE). Ele assume o lugar do ex-governador de Alagoas, Ronaldo Lessa, que passa a atuar como assessor especial do ministro. O ato de posse aconteceu no audit\u00f3rio do minist\u00e9rio e contou com a&#8230;<!-- AddThis Advanced Settings generic via filter on wp_trim_excerpt --><!-- AddThis Share Buttons generic via filter on wp_trim_excerpt --><\/p>\n","protected":false},"author":17,"featured_media":0,"comment_status":"closed","ping_status":"closed","sticky":false,"template":"","format":"standard","meta":{"_monsterinsights_skip_tracking":false,"_monsterinsights_sitenote_active":false,"_monsterinsights_sitenote_note":"","_monsterinsights_sitenote_category":0,"_uf_show_specific_survey":0,"_uf_disable_surveys":false,"footnotes":""},"categories":[1401],"tags":[],"class_list":["post-19297","post","type-post","status-publish","format-standard","hentry","category-nacional"],"acf":[],"_links":{"self":[{"href":"https:\/\/pdt-rj.org.br\/index.php\/wp-json\/wp\/v2\/posts\/19297","targetHints":{"allow":["GET"]}}],"collection":[{"href":"https:\/\/pdt-rj.org.br\/index.php\/wp-json\/wp\/v2\/posts"}],"about":[{"href":"https:\/\/pdt-rj.org.br\/index.php\/wp-json\/wp\/v2\/types\/post"}],"author":[{"embeddable":true,"href":"https:\/\/pdt-rj.org.br\/index.php\/wp-json\/wp\/v2\/users\/17"}],"replies":[{"embeddable":true,"href":"https:\/\/pdt-rj.org.br\/index.php\/wp-json\/wp\/v2\/comments?post=19297"}],"version-history":[{"count":1,"href":"https:\/\/pdt-rj.org.br\/index.php\/wp-json\/wp\/v2\/posts\/19297\/revisions"}],"predecessor-version":[{"id":52568,"href":"https:\/\/pdt-rj.org.br\/index.php\/wp-json\/wp\/v2\/posts\/19297\/revisions\/52568"}],"wp:attachment":[{"href":"https:\/\/pdt-rj.org.br\/index.php\/wp-json\/wp\/v2\/media?parent=19297"}],"wp:term":[{"taxonomy":"category","embeddable":true,"href":"https:\/\/pdt-rj.org.br\/index.php\/wp-json\/wp\/v2\/categories?post=19297"},{"taxonomy":"post_tag","embeddable":true,"href":"https:\/\/pdt-rj.org.br\/index.php\/wp-json\/wp\/v2\/tags?post=19297"}],"curies":[{"name":"wp","href":"https:\/\/api.w.org\/{rel}","templated":true}]}}