{"id":19193,"date":"2007-11-08T00:00:00","date_gmt":"2007-11-08T00:00:00","guid":{"rendered":"http:\/\/www.malungo2.com.br\/pdt\/index.php\/paulo-rubem-debate-lei-de-responsabilidade-social"},"modified":"2017-10-26T09:09:47","modified_gmt":"2017-10-26T11:09:47","slug":"paulo-rubem-debate-lei-de-responsabilidade-social","status":"publish","type":"post","link":"https:\/\/pdt-rj.org.br\/index.php\/paulo-rubem-debate-lei-de-responsabilidade-social\/","title":{"rendered":"Paulo Rubem debate Lei de Responsabilidade Social"},"content":{"rendered":"<p>&nbsp;O deputado Paulo Rubem Santiado(PDT-PE)&nbsp; participar\u00e1 de audi\u00eancia p\u00fablica, nesta sexta-feira (9), a partir das 9h, no Audit\u00f3rio da Assembl\u00e9ia Legislativa de Pernambuco, onde ir\u00e1 debater sobre o projeto de Lei de Responsabilidade Social. A Sugest\u00e3o 210\/06, tema do debate, prop\u00f5e a elabora\u00e7\u00e3o de um projeto de lei complementar para acrescentar metas sociais na Lei de Responsabilidade Fiscal (LRF).&nbsp;<BR><BR>A proposta foi constru\u00edda pelas organiza\u00e7\u00f5es que comp\u00f5em o F\u00f3rum Brasil do Or\u00e7amento, tem na parlamentar paulista a sua relatora e no pernambucano um de seus maiores defensores no Congresso Nacional. Entre os convidados para discutir o assunto est\u00e3o a assistente social do Centro Dom Helder C\u00e2mara, Adriana Fran\u00e7a; a educadora Silvia Camur\u00e7a, do SOS Corpo e o representante do Sintepe, Jos\u00e9 Fernando de Melo.<\/p>\n<!-- AddThis Advanced Settings generic via filter on the_content --><!-- AddThis Share Buttons generic via filter on the_content -->","protected":false},"excerpt":{"rendered":"<p>&nbsp;O deputado Paulo Rubem Santiado(PDT-PE)&nbsp; participar\u00e1 de audi\u00eancia p\u00fablica, nesta sexta-feira (9), a partir das 9h, no Audit\u00f3rio da Assembl\u00e9ia Legislativa de Pernambuco, onde ir\u00e1 debater sobre o projeto de Lei de Responsabilidade Social. A Sugest\u00e3o 210\/06, tema do debate, prop\u00f5e a elabora\u00e7\u00e3o de um projeto de lei complementar para acrescentar metas sociais na Lei&#8230;<!-- AddThis Advanced Settings generic via filter on wp_trim_excerpt --><!-- AddThis Share Buttons generic via filter on wp_trim_excerpt --><\/p>\n","protected":false},"author":17,"featured_media":0,"comment_status":"closed","ping_status":"open","sticky":false,"template":"","format":"standard","meta":{"_monsterinsights_skip_tracking":false,"_monsterinsights_sitenote_active":false,"_monsterinsights_sitenote_note":"","_monsterinsights_sitenote_category":0,"_uf_show_specific_survey":0,"_uf_disable_surveys":false,"footnotes":""},"categories":[976],"tags":[],"class_list":["post-19193","post","type-post","status-publish","format-standard","hentry","category-noticias-em-destaque"],"acf":[],"_links":{"self":[{"href":"https:\/\/pdt-rj.org.br\/index.php\/wp-json\/wp\/v2\/posts\/19193","targetHints":{"allow":["GET"]}}],"collection":[{"href":"https:\/\/pdt-rj.org.br\/index.php\/wp-json\/wp\/v2\/posts"}],"about":[{"href":"https:\/\/pdt-rj.org.br\/index.php\/wp-json\/wp\/v2\/types\/post"}],"author":[{"embeddable":true,"href":"https:\/\/pdt-rj.org.br\/index.php\/wp-json\/wp\/v2\/users\/17"}],"replies":[{"embeddable":true,"href":"https:\/\/pdt-rj.org.br\/index.php\/wp-json\/wp\/v2\/comments?post=19193"}],"version-history":[{"count":1,"href":"https:\/\/pdt-rj.org.br\/index.php\/wp-json\/wp\/v2\/posts\/19193\/revisions"}],"predecessor-version":[{"id":57341,"href":"https:\/\/pdt-rj.org.br\/index.php\/wp-json\/wp\/v2\/posts\/19193\/revisions\/57341"}],"wp:attachment":[{"href":"https:\/\/pdt-rj.org.br\/index.php\/wp-json\/wp\/v2\/media?parent=19193"}],"wp:term":[{"taxonomy":"category","embeddable":true,"href":"https:\/\/pdt-rj.org.br\/index.php\/wp-json\/wp\/v2\/categories?post=19193"},{"taxonomy":"post_tag","embeddable":true,"href":"https:\/\/pdt-rj.org.br\/index.php\/wp-json\/wp\/v2\/tags?post=19193"}],"curies":[{"name":"wp","href":"https:\/\/api.w.org\/{rel}","templated":true}]}}