{"id":18959,"date":"2007-07-04T00:00:00","date_gmt":"2007-07-04T03:00:00","guid":{"rendered":"http:\/\/www.malungo2.com.br\/pdt\/index.php\/camara-homenageia-leonel-brizola"},"modified":"2017-01-26T16:36:17","modified_gmt":"2017-01-26T18:36:17","slug":"camara-homenageia-leonel-brizola","status":"publish","type":"post","link":"https:\/\/pdt-rj.org.br\/index.php\/camara-homenageia-leonel-brizola\/","title":{"rendered":"C\u00e2mara  homenageia Leonel Brizola"},"content":{"rendered":"<p><BR><BR>Leia tamb\u00e9m: <A href=\"\/primeirapagina.asp?id=43\"><STRONG>Brizola desmascarou a grande m\u00eddia<\/STRONG><\/A> <BR><BR>Por:Leonel Sica da Rocha <BR><BR>(21\/06\/07)A C\u00e2mara dos Deputados realizou sess\u00e3o solene, nesta quinta-feira (21), em homenagem ao ex-governador Leonel de Moura Brizola, por ocasi\u00e3o da passagem do terceiro anivers\u00e1rio de sua morte, ocorrida em 21 de junho de 2004. O deputado Vieira da Cunha (PDT-RS), vice-presidente nacional da sigla, foi o proponente e principal orador da solenidade. O parlamentar fez uma retrospectiva da vida pol\u00edtica e pessoal do l\u00edder trabalhista, destacando as qualidades que o fizeram ganhar proje\u00e7\u00e3o nacional e internacional. &#8220;Brizola, ao lado de Get\u00falio Vargas e de Jo\u00e3o Goulart \u00e9, incontestavelmente, um dos maiores l\u00edderes do trabalhismo, causa que abra\u00e7ou quando jovem, com idealismo e convic\u00e7\u00e3o. Feliz a Na\u00e7\u00e3o que tem na galeria de seus grandes l\u00edderes homem p\u00fablico da estatura de Leonel Brizola.&#8221;, discursou. <BR><BR>Vieira da Cunha lembrou a inf\u00e2ncia pobre do menino Leonel no interior de Carazinho, Rio Grande do Sul, at\u00e9 chegar \u00e0 capital, Porto Alegre, onde estudou e iniciou sua vida p\u00fablica. O pedetista destacou a trajet\u00f3ria pol\u00edtica de Brizola como deputado estadual constituinte no RS, prefeito de Porto Alegre, governador do estado do RS, deputado federal e duas vezes governador do estado do Rio de Janeiro. Ressaltou a preocupa\u00e7\u00e3o do l\u00edder trabalhista com as crian\u00e7as e com a causa da educa\u00e7\u00e3o. &#8220;Duvido que algum governante no mundo tenha constru\u00eddo mais escolas do que eu, proclamava o homem que ergueu no RS o impressionante n\u00famero de 6.300 escolas em 4 anos de governo&#8221;, rememorou Vieira. Conforme ele, a maior paix\u00e3o de Leonel Brizola era o CIEP \u0096 Centro Integrado de Educa\u00e7\u00e3o P\u00fablica, a escola de turno integral &#8220;concebida para ser a semente de uma nova sociedade, com igualdade de oportunidades para todos&#8221;. <BR><BR>Outro tra\u00e7o marcante de Leonel Brizola assinalado pelo parlamentar foi seu patriotismo. Ele recordou que no encerramento dos encontros partid\u00e1rios do PDT, Brizola invariavelmente puxava o Hino da Independ\u00eancia. &#8220;Ou ficar a P\u00e1tria livre ou morrer pelo Brasil, cantava emocionado e convictamente&#8221;, contou. Tamb\u00e9m a conduta \u00e9tica do ex-governador foi enfatizada no discurso do deputado. Para Vieira, o l\u00edder trabalhista deixou um legado de ensinamentos, li\u00e7\u00f5es e seguidores. &#8220;A vida de Leonel Brizola, honrada e limpa, sua trajet\u00f3ria de homem p\u00fablico exemplar e corajoso, \u00e9 uma refer\u00eancia, um facho de luz a guiar o caminho de todos aqueles que querem fazer pol\u00edtica com \u00e9tica e com coer\u00eancia&#8221;, concluiu. <BR><BR>Inspira\u00e7\u00e3o permanente <BR><BR>O presidente da C\u00e2mara, Arlindo Chinaglia (PT-SP), e deputados de diversos partidos tamb\u00e9m se pronunciaram na homenagem a Leonel Brizola. Conforme Chinaglia, o ex-governador construiu a sua biografia defendendo sempre aquilo que para ele constitu\u00eda seu projeto de na\u00e7\u00e3o livre e justa. &#8220;De tal maneira que as id\u00e9ias propaladas resistem para al\u00e9m dos limites de sua vida. O legado brizolista \u00e9 para todos n\u00f3s, que militamos na pol\u00edtica, uma inspira\u00e7\u00e3o permanente&#8221;, assegurou. De acordo com o presidente da C\u00e2mara, Brizola jamais transigiu nos princ\u00edpios da moral e da \u00e9tica, e soube ser coerente ao ganhar e perder com a mesma dignidade. &#8220;Obstinado incans\u00e1vel, continuou, sobretudo, a fazer da pol\u00edtica a raz\u00e3o de existir&#8221;, completou. <BR><BR>Para Miro Teixeira, l\u00edder do PDT, talvez n\u00e3o exista outro vulto pol\u00edtico brasileiro que tenha tido tal trajet\u00f3ria e t\u00e3o relevante participa\u00e7\u00e3o na hist\u00f3ria republicana do pa\u00eds. &#8220;Brizola \u00e9 uma excepcionalidade. Acontece um Brizola em um s\u00e9culo, em uma corrente de pensamento, ou aconteceu em um s\u00e9culo, e ningu\u00e9m sabe quantos s\u00e9culos levar\u00e3o para que aconte\u00e7a novamente&#8221;, exclamou. Aldo Rebelo (PCdoB-SP) disse que Brizola escreveu uma das mais gloriosas p\u00e1ginas e uma das mais belas biografias pol\u00edticas da hist\u00f3ria do Brasil. &#8220;Resumiu na sua vida p\u00fablica as qualidades e as virtudes das melhores tradi\u00e7\u00f5es libert\u00e1rias do Rio Grande do Sul, que, digo, s\u00e3o as melhores tradi\u00e7\u00f5es libert\u00e1rias do povo brasileiro&#8221;, sustentou. O vice-l\u00edder do Governo, Henrique Fontana (PT-RS), afirmou que Brizola marcou a sua a\u00e7\u00e3o, como brasileiro e pol\u00edtico, na defesa de um projeto de na\u00e7\u00e3o. &#8220;E conseguiu aquilo que todos n\u00f3s pol\u00edticos buscamos: realizar boa parte de seus ideais&#8221;, sublinhou. Mendes Ribeiro Filho (PMDB-RS), revelou que chegou a chorar ao lado do esquife de Leonel Brizola. &#8220;Sabia que ali estava a esperan\u00e7a de muitos brasileiros, a certeza de um amanh\u00e3 para este Pa\u00eds&#8221;, acrescentou. <BR><BR>Tamb\u00e9m discursaram enaltecendo a mem\u00f3ria de Leonel Brizola os deputados Pastor Manoel Ferreira (PTB-RJ), \u00cdndio da Costa (DEM-RJ), Marina Maggessi (PPS-RJ), Hugo Leal (PSC-RJ) e Ot\u00e1vio Leite (PSDB-RJ). Estiveram presentes \u00e0 sess\u00e3o solene o secret\u00e1rio executivo do Minist\u00e9rio do Trabalho, Ronaldo Lessa, o conselheiro do Tribunal de Contas do Estado do RS Victor Faccioni e o secret\u00e1rio-geral nacional da Juventude Socialista do PDT, Luiz Martins, dentre outras autoridades, lideran\u00e7as e militantes do PDT.<\/p>\n<!-- AddThis Advanced Settings generic via filter on the_content --><!-- AddThis Share Buttons generic via filter on the_content -->","protected":false},"excerpt":{"rendered":"<p>Leia tamb\u00e9m: Brizola desmascarou a grande m\u00eddia Por:Leonel Sica da Rocha (21\/06\/07)A C\u00e2mara dos Deputados realizou sess\u00e3o solene, nesta quinta-feira (21), em homenagem ao ex-governador Leonel de Moura Brizola, por ocasi\u00e3o da passagem do terceiro anivers\u00e1rio de sua morte, ocorrida em 21 de junho de 2004. O deputado Vieira da Cunha (PDT-RS), vice-presidente nacional da&#8230;<!-- AddThis Advanced Settings generic via filter on wp_trim_excerpt --><!-- AddThis Share Buttons generic via filter on wp_trim_excerpt --><\/p>\n","protected":false},"author":17,"featured_media":0,"comment_status":"closed","ping_status":"closed","sticky":false,"template":"","format":"standard","meta":{"_monsterinsights_skip_tracking":false,"_monsterinsights_sitenote_active":false,"_monsterinsights_sitenote_note":"","_monsterinsights_sitenote_category":0,"_uf_show_specific_survey":0,"_uf_disable_surveys":false,"footnotes":""},"categories":[1459,1401],"tags":[],"class_list":["post-18959","post","type-post","status-publish","format-standard","hentry","category-congresso","category-nacional"],"acf":[],"_links":{"self":[{"href":"https:\/\/pdt-rj.org.br\/index.php\/wp-json\/wp\/v2\/posts\/18959","targetHints":{"allow":["GET"]}}],"collection":[{"href":"https:\/\/pdt-rj.org.br\/index.php\/wp-json\/wp\/v2\/posts"}],"about":[{"href":"https:\/\/pdt-rj.org.br\/index.php\/wp-json\/wp\/v2\/types\/post"}],"author":[{"embeddable":true,"href":"https:\/\/pdt-rj.org.br\/index.php\/wp-json\/wp\/v2\/users\/17"}],"replies":[{"embeddable":true,"href":"https:\/\/pdt-rj.org.br\/index.php\/wp-json\/wp\/v2\/comments?post=18959"}],"version-history":[{"count":1,"href":"https:\/\/pdt-rj.org.br\/index.php\/wp-json\/wp\/v2\/posts\/18959\/revisions"}],"predecessor-version":[{"id":52570,"href":"https:\/\/pdt-rj.org.br\/index.php\/wp-json\/wp\/v2\/posts\/18959\/revisions\/52570"}],"wp:attachment":[{"href":"https:\/\/pdt-rj.org.br\/index.php\/wp-json\/wp\/v2\/media?parent=18959"}],"wp:term":[{"taxonomy":"category","embeddable":true,"href":"https:\/\/pdt-rj.org.br\/index.php\/wp-json\/wp\/v2\/categories?post=18959"},{"taxonomy":"post_tag","embeddable":true,"href":"https:\/\/pdt-rj.org.br\/index.php\/wp-json\/wp\/v2\/tags?post=18959"}],"curies":[{"name":"wp","href":"https:\/\/api.w.org\/{rel}","templated":true}]}}