{"id":18933,"date":"2007-05-31T00:00:00","date_gmt":"2007-05-31T00:00:00","guid":{"rendered":"http:\/\/www.malungo2.com.br\/pdt\/index.php\/pdt-inicia-neste-sabado-26-capacitacao-politica-via-tv"},"modified":"2017-10-26T09:10:27","modified_gmt":"2017-10-26T11:10:27","slug":"12-inicia-neste-sabado-26-capacitacao-politica-via-tv","status":"publish","type":"post","link":"https:\/\/pdt-rj.org.br\/index.php\/12-inicia-neste-sabado-26-capacitacao-politica-via-tv\/","title":{"rendered":"PDT inicia neste s\u00e1bado (2\/6) capacita\u00e7\u00e3o pol\u00edtica via TV"},"content":{"rendered":"<p><FONT class=text><br \/>\n<P align=justify><IMG height=200 alt=\"Manoel Dias\" src=\"\/images\/manoeldias2.jpg\" width=159 align=left border=0>Primeiro partido pol\u00edtico brasileiro na Internet, o PDT inova mais uma vez neste s\u00e1bado (2\/6) quando come\u00e7ar \u00e0s 18h30m &#8211; via sat\u00e9lite para todo o Brasil &#8211; a primeira aula da Universidade Leonel Brizola (ULB) para a capacita\u00e7\u00e3o pol\u00edtica de quadros partid\u00e1rios atrav\u00e9s de programa\u00e7\u00e3o regular de cursos \u00e0 dist\u00e2ncia. A universidade, idealizada por Manoel Dias, Secret\u00e1rio Nacional do PDT, oferecer\u00e1 nesta primeira etapa 12 disciplinas em tr\u00eas n\u00edveis: b\u00e1sico, intermedi\u00e1rio e avan\u00e7ado. <\/P><br \/>\n<P align=justify><\/P><br \/>\n<P align=justify>Tamb\u00e9m ser\u00e1 exibido um telejornal com not\u00edcias do partido originadas nos diversos estados logo ap\u00f3s o final de cada aula com duas disciplinas, sempre aos s\u00e1bados, com dura\u00e7\u00e3o de 30 minutos. A programa\u00e7\u00e3o de televis\u00e3o do PDT, para ser captada em tele-salas que o partido est\u00e1 montando no pa\u00eds inteiro, inclui tamb\u00e9m a exibi\u00e7\u00e3o de entrevistas, palestras e debates com diferentes personalidades da vida nacional. <\/P><br \/>\n<P align=justify><\/P><br \/>\n<P align=justify>&#8220;\u00c9 um processo de educa\u00e7\u00e3o pol\u00edtica em massa, como nenhum outro partido brasileiro teve a ousadia de implementar&#8221;, afirmou Leonardo Zumpichiatti, secret\u00e1rio executivo do projeto que tem na coordena\u00e7\u00e3o o Secret\u00e1rio Geral do PDT, Manoel Dias, tamb\u00e9m presidente nacional da Funda\u00e7\u00e3o Leonel Brizola &#8211; Alberto Pasqualini (FLB-AP). <\/P><br \/>\n<P align=justify><\/P><br \/>\n<P align=justify>Segundo Manoel Dias, o uso da televis\u00e3o n\u00e3o s\u00f3 cria uma nova cultura no PDT, como revoluciona o processo de forma\u00e7\u00e3o pol\u00edtica: &#8220;A televis\u00e3o \u00e9 uma ferramenta poderosa que vai renovar o Trabalhismo ao disseminar maci\u00e7amente as suas bandeiras hist\u00f3ricas&#8221;, observou. J\u00e1 Ricardo Viana, coordenador pedag\u00f3gico do projeto, acrescentou: &#8220;Vamos inundar o pa\u00eds de consci\u00eancias esclarecidas como dizia Brizola&#8221;. <\/P><br \/>\n<P align=justify><\/P><br \/>\n<P align=justify>Al\u00e9m das transmiss\u00f5es via sat\u00e9lite, que poder\u00e3o ser captadas atrav\u00e9s de antenas parab\u00f3licas sintonizadas no sat\u00e9lite B 1 da Banda C (informa\u00e7\u00f5es t\u00e9cnicas dispon\u00edveis em www.flb-ap.org.br\/userFiles\/equipamento\/tele-sala.pdf), as aulas tamb\u00e9m estar\u00e3o dispon\u00edveis na Internet, juntamente com o material did\u00e1tico necess\u00e1rio para os cursos de capacita\u00e7\u00e3o. Cada aula televisada ter\u00e1 uma vers\u00e3o na Internet ( www.ulb.org.br\/moodle) com apostilas e material de estudo correspondente.<\/P><br \/>\n<P align=justify><\/P><br \/>\n<P align=justify>A aula inaugural ser\u00e1 neste s\u00e1bado, \u00e0s 18h30m, estando programado o in\u00edcio do m\u00f3dulo b\u00e1sico do curso de capacita\u00e7\u00e3o para os dias 9, 16 e 23 de junho, com as aulas intituladas &#8220;Conhecendo o PDT&#8221;, com Leonardo Zumpichiatti; e &#8220;Forma\u00e7\u00e3o de N\u00facleos de Base&#8221;, com Hil\u00e1rio Scherner &#8211; nos hor\u00e1rios 18h30m e 19h, respectivamente. <\/P><br \/>\n<P align=justify><\/P><br \/>\n<P align=justify>Nos dias 30 de junho, 7 e 14 de julho, nos hor\u00e1rios 18h30m e 19h, as aulas dirigidas \u00e0 milit\u00e2ncia do PDT nas tele-salas espalhadas pelo pa\u00eds ser\u00e3o: &#8220;A Hist\u00f3ria do Trabalhismo&#8221;, com Aur\u00e9lio Fernandes; e &#8220;Inicia\u00e7\u00e3o \u00e0 Filosofia Pol\u00edtica&#8221;, com Dalva Maria de Luca Dias. <\/P><br \/>\n<P align=justify><\/P><br \/>\n<P align=justify>Dentro da programa\u00e7\u00e3o &#8220;Espa\u00e7o Aberto&#8221;, complementar as aulas, est\u00e3o programadas as transmiss\u00f5es, via sat\u00e9lite, das seguintes palestras: 9\/6 &#8211; Biomassa e independ\u00eancia, com Bautista Vidal; 16\/6 \u0096 Conjuntura Latino-Americana, com Nildo Ouriques; 23\/6 &#8211; Previd\u00eancia Social no Brasil, com S\u00e9rgio Miranda; 30\/6 &#8211; Trabalhismo no Brasil \u0096 Aur\u00e9lio Fernandes; 07\/7 &#8211; Sindicalismo e a Quest\u00e3o do Trabalho, com Fernando Bandeira; 14\/7 &#8211; A Revolu\u00e7\u00e3o pela Educa\u00e7\u00e3o, com Senador Cristovam Buarque; 21\/7 &#8211; A Quest\u00e3o do Negro; 28\/7 &#8211; A Condi\u00e7\u00e3o da Mulher no Mundo Contempor\u00e2neo, com Miguelina Vechio; 4\/8 &#8211; Juventude e Socialismo; e no dia 11\/8 &#8211; Movimentos Sociais, tamb\u00e9m com Aur\u00e9lio Fernandes. <\/P><br \/>\n<P align=justify>Leia mais informa\u00e7\u00f5es&nbsp;na p\u00e1gina da<BR><\/FONT><FONT class=text><A href=\"http:\/\/www.flb-ap.org.br\/\">Funda\u00e7\u00e3o Leonel Brizola &#8211; Alberto Pasqualini<\/A><\/P><\/FONT><\/p>\n<!-- AddThis Advanced Settings generic via filter on the_content --><!-- AddThis Share Buttons generic via filter on the_content -->","protected":false},"excerpt":{"rendered":"<p>Primeiro partido pol\u00edtico brasileiro na Internet, o PDT inova mais uma vez neste s\u00e1bado (2\/6) quando come\u00e7ar \u00e0s 18h30m &#8211; via sat\u00e9lite para todo o Brasil &#8211; a primeira aula da Universidade Leonel Brizola (ULB) para a capacita\u00e7\u00e3o pol\u00edtica de quadros partid\u00e1rios atrav\u00e9s de programa\u00e7\u00e3o regular de cursos \u00e0 dist\u00e2ncia. A universidade, idealizada por Manoel&#8230;<!-- AddThis Advanced Settings generic via filter on wp_trim_excerpt --><!-- AddThis Share Buttons generic via filter on wp_trim_excerpt --><\/p>\n","protected":false},"author":17,"featured_media":0,"comment_status":"closed","ping_status":"open","sticky":false,"template":"","format":"standard","meta":{"_monsterinsights_skip_tracking":false,"_monsterinsights_sitenote_active":false,"_monsterinsights_sitenote_note":"","_monsterinsights_sitenote_category":0,"_uf_show_specific_survey":0,"_uf_disable_surveys":false,"footnotes":""},"categories":[976],"tags":[],"class_list":["post-18933","post","type-post","status-publish","format-standard","hentry","category-noticias-em-destaque"],"acf":[],"_links":{"self":[{"href":"https:\/\/pdt-rj.org.br\/index.php\/wp-json\/wp\/v2\/posts\/18933","targetHints":{"allow":["GET"]}}],"collection":[{"href":"https:\/\/pdt-rj.org.br\/index.php\/wp-json\/wp\/v2\/posts"}],"about":[{"href":"https:\/\/pdt-rj.org.br\/index.php\/wp-json\/wp\/v2\/types\/post"}],"author":[{"embeddable":true,"href":"https:\/\/pdt-rj.org.br\/index.php\/wp-json\/wp\/v2\/users\/17"}],"replies":[{"embeddable":true,"href":"https:\/\/pdt-rj.org.br\/index.php\/wp-json\/wp\/v2\/comments?post=18933"}],"version-history":[{"count":1,"href":"https:\/\/pdt-rj.org.br\/index.php\/wp-json\/wp\/v2\/posts\/18933\/revisions"}],"predecessor-version":[{"id":57690,"href":"https:\/\/pdt-rj.org.br\/index.php\/wp-json\/wp\/v2\/posts\/18933\/revisions\/57690"}],"wp:attachment":[{"href":"https:\/\/pdt-rj.org.br\/index.php\/wp-json\/wp\/v2\/media?parent=18933"}],"wp:term":[{"taxonomy":"category","embeddable":true,"href":"https:\/\/pdt-rj.org.br\/index.php\/wp-json\/wp\/v2\/categories?post=18933"},{"taxonomy":"post_tag","embeddable":true,"href":"https:\/\/pdt-rj.org.br\/index.php\/wp-json\/wp\/v2\/tags?post=18933"}],"curies":[{"name":"wp","href":"https:\/\/api.w.org\/{rel}","templated":true}]}}