{"id":18932,"date":"2007-07-05T00:00:00","date_gmt":"2007-07-05T00:00:00","guid":{"rendered":"http:\/\/www.malungo2.com.br\/pdt\/index.php\/lupi-defende-maior-integracao-entre-os-tres-niveis-de-governo"},"modified":"2017-10-26T09:10:24","modified_gmt":"2017-10-26T11:10:24","slug":"lupi-defende-maior-integracao-entre-os-tres-niveis-de-governo","status":"publish","type":"post","link":"https:\/\/pdt-rj.org.br\/index.php\/lupi-defende-maior-integracao-entre-os-tres-niveis-de-governo\/","title":{"rendered":"Lupi defende maior integra\u00e7\u00e3o entre os tr\u00eas n\u00edveis de governo"},"content":{"rendered":"<p>Escrito por Assessoria de Imprensa do MTE <BR>03-Jul-2007 <BR>O ministro do Trabalho e Emprego, Carlos Lupi, participou na manh\u00e3 desta segunda-feira, 02.07, no Rio de Janeiro, da abertura do 73\u00ba F\u00f3rum Nacional de Secret\u00e1rios do Trabalho (Fonset). <BR><BR>Muitas vezes um programa do Governo Federal que depende de parceria com o estado ou o munic\u00edpio n\u00e3o \u00e9 implantado por simples falta de informa\u00e7\u00e3o. Ilustra\u00e7\u00e3o: Produ\u00e7\u00e3o do Site <BR><BR>Durante a reuni\u00e3o, que contou com a presen\u00e7a do governador do Rio de Janeiro, S\u00e9rgio Cabral, o ministro prop\u00f4s uma nova reuni\u00e3o em Bras\u00edlia para apresentar aos secret\u00e1rios a linha de programas de qualifica\u00e7\u00e3o que o minist\u00e9rio coordena em todo o pa\u00eds. <BR><BR>&#8220;Muitas vezes um programa do Governo Federal que depende de parceria com o estado ou o munic\u00edpio n\u00e3o \u00e9 implantado por simples falta de informa\u00e7\u00e3o. Esta reuni\u00e3o seria uma forma de unir ainda mais os tr\u00eas n\u00edveis de governos em torno das a\u00e7\u00f5es qualifica\u00e7\u00e3o e gera\u00e7\u00e3o de emprego&#8221;, afirmou Lupi, que tamb\u00e9m defendeu a maior integra\u00e7\u00e3o entre as a\u00e7\u00f5es das delegacias regionais do trabalho e as secretarias estaduais do trabalho. <BR><BR>O Fonset tem como objetivo tratar temas relacionados \u00e0s pol\u00edticas p\u00fablicas de emprego e renda, por meio de debates, a fim de propor, por exemplo, formas para gera\u00e7\u00e3o de trabalho e renda. O f\u00f3rum deve encerrar no final do dia, com a discuss\u00e3o de temas como &#8220;Perspectivas do Pacto Federativo e o Financiamento das Pol\u00edticas P\u00fablicas de Trabalho e Renda&#8221;, &#8220;Apresenta\u00e7\u00e3o do Programa de Capacita\u00e7\u00e3o dos Conselheiros Estaduais e Municipais de Emprego, Trabalho e Renda do Dieese&#8221; e &#8220;Andamento do Programa Jovem Aprendiz do Unibanco&#8221;. <BR><BR>&#8220;Tamb\u00e9m estiveram no evento o secret\u00e1rio de Pol\u00edticas P\u00fablicas de Emprego do Minist\u00e9rio do Trabalho e Emprego, S\u00e9rgio Vidigal, e o presidente do Conselho Deliberativo do Fundo de Amparo ao Trabalhador (Codefat), Ezequiel Nascimento. <BR><BR><\/p>\n<!-- AddThis Advanced Settings generic via filter on the_content --><!-- AddThis Share Buttons generic via filter on the_content -->","protected":false},"excerpt":{"rendered":"<p>Escrito por Assessoria de Imprensa do MTE 03-Jul-2007 O ministro do Trabalho e Emprego, Carlos Lupi, participou na manh\u00e3 desta segunda-feira, 02.07, no Rio de Janeiro, da abertura do 73\u00ba F\u00f3rum Nacional de Secret\u00e1rios do Trabalho (Fonset). Muitas vezes um programa do Governo Federal que depende de parceria com o estado ou o munic\u00edpio n\u00e3o&#8230;<!-- AddThis Advanced Settings generic via filter on wp_trim_excerpt --><!-- AddThis Share Buttons generic via filter on wp_trim_excerpt --><\/p>\n","protected":false},"author":17,"featured_media":0,"comment_status":"closed","ping_status":"open","sticky":false,"template":"","format":"standard","meta":{"_monsterinsights_skip_tracking":false,"_monsterinsights_sitenote_active":false,"_monsterinsights_sitenote_note":"","_monsterinsights_sitenote_category":0,"_uf_show_specific_survey":0,"_uf_disable_surveys":false,"footnotes":""},"categories":[976],"tags":[],"class_list":["post-18932","post","type-post","status-publish","format-standard","hentry","category-noticias-em-destaque"],"acf":[],"_links":{"self":[{"href":"https:\/\/pdt-rj.org.br\/index.php\/wp-json\/wp\/v2\/posts\/18932","targetHints":{"allow":["GET"]}}],"collection":[{"href":"https:\/\/pdt-rj.org.br\/index.php\/wp-json\/wp\/v2\/posts"}],"about":[{"href":"https:\/\/pdt-rj.org.br\/index.php\/wp-json\/wp\/v2\/types\/post"}],"author":[{"embeddable":true,"href":"https:\/\/pdt-rj.org.br\/index.php\/wp-json\/wp\/v2\/users\/17"}],"replies":[{"embeddable":true,"href":"https:\/\/pdt-rj.org.br\/index.php\/wp-json\/wp\/v2\/comments?post=18932"}],"version-history":[{"count":1,"href":"https:\/\/pdt-rj.org.br\/index.php\/wp-json\/wp\/v2\/posts\/18932\/revisions"}],"predecessor-version":[{"id":57665,"href":"https:\/\/pdt-rj.org.br\/index.php\/wp-json\/wp\/v2\/posts\/18932\/revisions\/57665"}],"wp:attachment":[{"href":"https:\/\/pdt-rj.org.br\/index.php\/wp-json\/wp\/v2\/media?parent=18932"}],"wp:term":[{"taxonomy":"category","embeddable":true,"href":"https:\/\/pdt-rj.org.br\/index.php\/wp-json\/wp\/v2\/categories?post=18932"},{"taxonomy":"post_tag","embeddable":true,"href":"https:\/\/pdt-rj.org.br\/index.php\/wp-json\/wp\/v2\/tags?post=18932"}],"curies":[{"name":"wp","href":"https:\/\/api.w.org\/{rel}","templated":true}]}}