{"id":18930,"date":"2007-05-29T00:00:00","date_gmt":"2007-05-29T00:00:00","guid":{"rendered":"http:\/\/www.malungo2.com.br\/pdt\/index.php\/lupi-visita-campos-e-volta-redonda-para-dar-posse-a-arnaldo-vianna-e-granato"},"modified":"2017-10-26T09:10:27","modified_gmt":"2017-10-26T11:10:27","slug":"lupi-visita-campos-e-volta-redonda-para-dar-posse-a-arnaldo-vianna-e-granato","status":"publish","type":"post","link":"https:\/\/pdt-rj.org.br\/index.php\/lupi-visita-campos-e-volta-redonda-para-dar-posse-a-arnaldo-vianna-e-granato\/","title":{"rendered":"Lupi visita Campos e Volta Redonda para dar posse a Arnaldo Vianna e Granato"},"content":{"rendered":"<p><FONT class=text><br \/>\n<P>\u0093O PDT tem mania de vencer em Campos e hoje come\u00e7amos a corrida vitoriosa de volta \u00e0 Prefeitura desta cidade em 2008\u0094, destacou o presidente nacional do PDT, Carlos Lupi, ao empossar na presid\u00eancia da comiss\u00e3o executiva provis\u00f3ria de Campos o deputado federal Arnaldo Vianna e, ao mesmo tempo, lan\u00e7ar sua candidatura a prefeito nas elei\u00e7\u00f5es do ano que vem. Lupi foi recebido na sede do PDT, na Pra\u00e7a S\u00e3o Salvador, por dezenas de militantes que, entusiasticamente saudaram Arnaldo e sua mulher, Ilssan, esta empossada na vice-presid\u00eancia e na Funda\u00e7\u00e3o Leonel Brizola \u0096 Alberto Pasqualini (FLB-AP). <BR><BR>Lupi elogiou a gest\u00e3o de Arnaldo na municipalidade, ressaltando que \u0093ningu\u00e9m fez mais por esta cidade do que Arnaldo Vianna\u0094. Na sua opini\u00e3o, Campos precisa de pessoa como Arnaldo que \u0093ama profundamente\u0094 a cidade. Disse que na pol\u00edtica vale a palavra empenhada e por isso Arnaldo estava voltando \u00e0 presid\u00eancia do PDT depois de se licenciar para se dedicar \u00e0 sua campanha de deputado, onde se elegeu como o mais votado do partido no Estado. \u0093Combinamos, na \u00e9poca, que voltaria quando quisesse \u00e0 presid\u00eancia\u0094, observou. <BR><BR>\u0097 N\u00e3o podemos esquecer que Arnaldo Vianna tamb\u00e9m \u00e9 vice-presidente regional e entre suas tarefas est\u00e1 a de consolidar e refor\u00e7ar o PDT no Norte do Estado levando em conta as elei\u00e7\u00f5es municipais \u0096 acrescentou. <BR><BR>O presidente nacional do PDT desembarcou no aeroporto Bartholomeu Lysandro, de Campos, por volta das 10 horas procedente do Rio de Janeiro, acompanhado de assessores. Lupi foi recebido por Arnaldo Vianna e ainda no aeroporto, distribuiu com Arnaldo rosas vermelhas para as militantes presentes. <BR><BR>De l\u00e1, em comitiva, os dois se dirigiram para a sede da Coplan Engenharia, para uma reuni\u00e3o com empres\u00e1rios da constru\u00e7\u00e3o civil de Campos, que geram 12 mil empregos. O presidente do Sindicato patronal da Ind\u00fastria da Constru\u00e7\u00e3o Civil, Carlos Alberto Domingos Alves, em nome dos empres\u00e1rios presentes, pediu ao Ministro do Trabalho e Emprego Carlos Lupi maior aten\u00e7\u00e3o \u00e0 delegacia de trabalho de Campos que estaria, segundo ele, desenvolvendo trabalho muito mais repressivo do que educativo \u0096 multando as empresas do setor ao inv\u00e9s de, primeiro, adverti-las. <BR><BR>Domingos Alves disse que os empres\u00e1rios, em comitiva, convidaram a delegada regional para uma reuni\u00e3o no sindicato patronal, mas ela n\u00e3o quis ir, tendo ent\u00e3o todos eles se dirigido \u00e0 sede da delegacia. Alves explicou que a a\u00e7\u00e3o repressiva da delegacia est\u00e1 prejudicando empresas com \u0093multas descabidas\u0094. Lupi ouviu as reivindica\u00e7\u00f5es dos empres\u00e1rios, prometeu estudar melhor o assunto e, posteriormente, se reunir com os empres\u00e1rios e funcion\u00e1rios do Minist\u00e9rio para resolver o impasse. <BR><BR>\u0093Vou agir no sentido de solucionar o impasse porque o papel do Minist\u00e9rio do Trabalho \u00e9 o de educar antes de punir\u0094, disse, agradecendo a recep\u00e7\u00e3o calorosa que recebeu. Ainda na sede da empresa de engenharia, antes do pr\u00f3ximo compromisso, Lupi atendeu aos jornalistas locais e recebeu uma placa dos empres\u00e1rios, celebrando sua visita. <BR><BR>De l\u00e1, sempre acompanhado de Arnaldo e Ilsan Vianna, Lupi se dirigiu \u00e0 sede do PDT na pra\u00e7a S\u00e3o Salvador, no Centro, onde uma multid\u00e3o o aguardava. Depois de muitos abra\u00e7os, apertos de m\u00e3o e muita dificuldade, Arnaldo, Lupi e Ilsan se dirigiram aos presentes. O primeiro orador foi o secret\u00e1rio de governo do prefeito Alexandre Mocaiber, Toninho Viana, que saudou o retorno de Arnaldo \u00e0 presid\u00eancia do PDT. Mocaiber, na nota lida por Toninho, classificou Arnaldo de \u0093amigo e irm\u00e3o\u0094 e justificou sua aus\u00eancia devido a problemas familiares. Toninho tamb\u00e9m leu nota enviada pelo presidente regional do PSB, Alexandre Cardoso, saudando Arnaldo. <BR><BR>Arnaldo foi convocado, mas declinou da palavra, passando-a para Ilsan. Esta agradeceu a presen\u00e7a dos militantes, agradeceu a Mocaiber pela mensagem e saudou a todos os presentes \u0096 inclusive alguns vereadores. Logo em seguida Arnaldo falou por 20 minutos, manifestando sua alegria \u0093por estar na sede do PDT, partido de Brizola e Lupi, saudando a todos voc\u00eas\u0094. Ele tamb\u00e9m agradeceu a presen\u00e7a de representantes do PT, do PPS, do Prona, do PCB e o PC do B \u0096 e manifestou esperan\u00e7a de que, em 2008, como candidato, consiga reeditar a alian\u00e7a que o levou \u00e0 vit\u00f3ria na outra elei\u00e7\u00e3o. <BR><BR>Destacou tamb\u00e9m que sempre contou com a for\u00e7a do povo desde os tempos em que se elegeu vereador, depois vice-prefeito, depois prefeito e finalmente deputado federal. \u0093Quando me perguntam com que \u0093m\u00e1quina\u0094 pretendo disputar a prefeitura ano que vem, digo sempre que nunca precisei de \u0093m\u00e1quina\u0094 para ganhar elei\u00e7\u00e3o. Sempre contei com o povo e agora n\u00e3o ser\u00e1 diferente: conto com o povo e a for\u00e7a do PDT\u0094, afirmou. <BR><BR>Vianna defendeu a necessidade do partido discutir e implementar pol\u00edticas p\u00fablicas em Campos, a melhor maneira, no seu entender, de atender aos anseios da popula\u00e7\u00e3o deixando a politicagem de lado. Questionou tamb\u00e9m o fato de obras de seu governo, como o Hospital de Guar\u00fas, estarem abandonadas \u0096 citou ainda \u0093o descaso\u0094 com a educa\u00e7\u00e3o e com a sa\u00fade. \u0093Minha proposta \u00e9 fazer que precisa ser feito com seriedade, sem mentiras, sem engana\u00e7\u00e3o\u0094, afirmou. Vianna tamb\u00e9m atacou o fato de existirem obras em Campos \u0093como a ponte de meia pista\u0094, rec\u00e9m inaugurada. <BR><BR>Sobre a quest\u00e3o dos vereadores, disse que j\u00e1 tem pronta uma lista de candidatos para as pr\u00f3ximas elei\u00e7\u00f5es, pessoas que se forem eleitas \u0093ser\u00e3o verdadeiros agentes pol\u00edticos do PDT e trabalhar\u00e3o pelo povo\u0094. <BR><BR>\u0097 Vamos reeditar a forca do bem para fazer o bem de novo, garantiu. <BR><BR>Lupi encerrou o ato p\u00fablico, falando de sua honra de estar ali naquele momento em que Arnaldo reassumia a presid\u00eancia e, ao mesmo tempo, se lan\u00e7ava candidato a prefeito. Lembrou que Arnaldo Vianna tornou-se deputado federal \u0093contra tudo e contra todos, vencendo n\u00e3o s\u00f3 no voto, como tamb\u00e9m na Justi\u00e7a, derrotando o grupo pol\u00edtico que governou Campos e fez de tudo para impedir que Arnaldo chegasse ao Congresso\u0094. <BR><BR>Sobre a mudan\u00e7a na presid\u00eancia do PDT, observou que \u0093em pol\u00edtica vale a palavra empenhada\u0094 e que Arnaldo \u0093sempre foi um homem p\u00fablico honrado, correto, dedicado as causas do povo\u0094 e que ficou de reassumir a presid\u00eancia do partido, quando achasse isso necess\u00e1rio. Em seguida, subiram todos \u00e0 sede do partido, para o ato formal de posse de Arnaldo na comiss\u00e3o executiva provis\u00f3ria de Campos. <BR><BR>No ato, com a sala lotada, Arnaldo anunciou que aceitava o desafio de reassumir a presid\u00eancia e, ao mesmo tempo, colocar o seu nome \u00e0 disposi\u00e7\u00e3o do PDT para disputar a prefeitura em 2008. Anunciou tamb\u00e9m a inaugura\u00e7\u00e3o da nova sede do partido, no bairro Parque S\u00e3o Benedito, que contou com a presen\u00e7a de Lupi; e anunciou tamb\u00e9m que em breve, pretende inaugurar seis escrit\u00f3rios pol\u00edticos em diferentes distritos de Campos. Mais uma vez Lupi parabenizou Arnaldo por reassumir a presid\u00eancia e logo em seguida saiu, despedindo-se antes dos militantes presentes. <BR><BR>Da sede do partido, antes de se dirigir ao aeroporto, Lupi deu uma passada na nova sede do PDT no Parque S\u00e3o Benedito, uma casa grande, onde se passar\u00e3o a se realizar as reuni\u00f5es ordin\u00e1rias do partido ficando a sede da pra\u00e7a S\u00e3o Salvador, no Centro, para os cursos de capacita\u00e7\u00e3o pol\u00edtica da Funda\u00e7\u00e3o Leonel Brizola \u0096 Alberto Pasqualini, que ser\u00e1 presidida por Ilsan Vianna. \u00c0s 14 horas, Lupi e assessores embarcaram de volta do Rio de Janeiro. <BR><\/P><\/FONT><\/p>\n<!-- AddThis Advanced Settings generic via filter on the_content --><!-- AddThis Share Buttons generic via filter on the_content -->","protected":false},"excerpt":{"rendered":"<p>\u0093O PDT tem mania de vencer em Campos e hoje come\u00e7amos a corrida vitoriosa de volta \u00e0 Prefeitura desta cidade em 2008\u0094, destacou o presidente nacional do PDT, Carlos Lupi, ao empossar na presid\u00eancia da comiss\u00e3o executiva provis\u00f3ria de Campos o deputado federal Arnaldo Vianna e, ao mesmo tempo, lan\u00e7ar sua candidatura a prefeito nas&#8230;<!-- AddThis Advanced Settings generic via filter on wp_trim_excerpt --><!-- AddThis Share Buttons generic via filter on wp_trim_excerpt --><\/p>\n","protected":false},"author":17,"featured_media":0,"comment_status":"closed","ping_status":"open","sticky":false,"template":"","format":"standard","meta":{"_monsterinsights_skip_tracking":false,"_monsterinsights_sitenote_active":false,"_monsterinsights_sitenote_note":"","_monsterinsights_sitenote_category":0,"_uf_show_specific_survey":0,"_uf_disable_surveys":false,"footnotes":""},"categories":[976],"tags":[],"class_list":["post-18930","post","type-post","status-publish","format-standard","hentry","category-noticias-em-destaque"],"acf":[],"_links":{"self":[{"href":"https:\/\/pdt-rj.org.br\/index.php\/wp-json\/wp\/v2\/posts\/18930","targetHints":{"allow":["GET"]}}],"collection":[{"href":"https:\/\/pdt-rj.org.br\/index.php\/wp-json\/wp\/v2\/posts"}],"about":[{"href":"https:\/\/pdt-rj.org.br\/index.php\/wp-json\/wp\/v2\/types\/post"}],"author":[{"embeddable":true,"href":"https:\/\/pdt-rj.org.br\/index.php\/wp-json\/wp\/v2\/users\/17"}],"replies":[{"embeddable":true,"href":"https:\/\/pdt-rj.org.br\/index.php\/wp-json\/wp\/v2\/comments?post=18930"}],"version-history":[{"count":1,"href":"https:\/\/pdt-rj.org.br\/index.php\/wp-json\/wp\/v2\/posts\/18930\/revisions"}],"predecessor-version":[{"id":57691,"href":"https:\/\/pdt-rj.org.br\/index.php\/wp-json\/wp\/v2\/posts\/18930\/revisions\/57691"}],"wp:attachment":[{"href":"https:\/\/pdt-rj.org.br\/index.php\/wp-json\/wp\/v2\/media?parent=18930"}],"wp:term":[{"taxonomy":"category","embeddable":true,"href":"https:\/\/pdt-rj.org.br\/index.php\/wp-json\/wp\/v2\/categories?post=18930"},{"taxonomy":"post_tag","embeddable":true,"href":"https:\/\/pdt-rj.org.br\/index.php\/wp-json\/wp\/v2\/tags?post=18930"}],"curies":[{"name":"wp","href":"https:\/\/api.w.org\/{rel}","templated":true}]}}