{"id":18919,"date":"2007-05-08T00:00:00","date_gmt":"2007-05-08T00:00:00","guid":{"rendered":"http:\/\/www.malungo2.com.br\/pdt\/index.php\/um-brasileiro-chamado-leonel-de-moura-brizola"},"modified":"2017-10-26T09:10:28","modified_gmt":"2017-10-26T11:10:28","slug":"um-brasileiro-chamado-leonel-de-moura-brizola","status":"publish","type":"post","link":"https:\/\/pdt-rj.org.br\/index.php\/um-brasileiro-chamado-leonel-de-moura-brizola\/","title":{"rendered":"Um brasileiro chamado Leonel de Moura Brizola"},"content":{"rendered":"<p><DIV>Porto Alegre ser\u00e1 a primeira cidade a receber a exposi\u00e7\u00e3o hist\u00f3rica e cultural ?Um Brasileiro Chamado Brizola?. O projeto inicia-se, amanh\u00e3 (02\/5), \u00e0s 19h30min, na Usina do Gas\u00f4metro, com a mostra de 48 pain\u00e9is, que contam, atrav\u00e9s de fotos, recortes de jornal e textos, a trajet\u00f3ria do ex-governador ga\u00facho em 60 anos de vida p\u00fablica. <\/DIV><br \/>\n<DIV>&nbsp;<\/DIV><br \/>\n<DIV>A exposi\u00e7\u00e3o resgata a carreira pol\u00edtica de Leonel Brizola, recordando momentos que ficaram na hist\u00f3ria contempor\u00e2nea brasileira, como a morte de Get\u00falio Vargas e o Movimento pela Legalidade. Exibe ainda flagrantes de sua passagem pela prefeitura de Porto Alegre, pelo governo do Rio Grande do Sul e pela administra\u00e7\u00e3o do Rio de Janeiro, em duas oportunidades. <\/DIV><br \/>\n<DIV>&nbsp;<\/DIV><br \/>\n<DIV>Os textos s\u00e3o de Darcy Ribeiro, ex-ministro da Educa\u00e7\u00e3o, que foi o grande inspirador de Brizola na cria\u00e7\u00e3o dos Cieps, e do organizador da exposi\u00e7\u00e3o, publicit\u00e1rio S\u00e9rgio Gonzalez. A mostra prosseguir\u00e1 at\u00e9 18 de maio e inclui um document\u00e1rio &#8211; roteirizado por Tabajara Ruas e pelo pr\u00f3prio S\u00e9rgio Gonzalez &#8211; com 70 minutos de dura\u00e7\u00e3o. Ap\u00f3s, segue para Campinas (SP), Rio de Janeiro (RJ), Salvador (BA) e S\u00e3o Lu\u00eds (MA). <\/DIV><br \/>\n<DIV>&nbsp;<\/DIV><br \/>\n<DIV>A exposi\u00e7\u00e3o Um Brasileiro Chamado Brizola \u00e9 exclusivamente hist\u00f3rica, descritiva e did\u00e1tica, sem proselitismo pol\u00edtico e culto \u00e0 personalidade. Desenvolvida com o incentivo da Lei Rouanet, tem o apoio da Assembl\u00e9ia Legislativa do Rio Grande do Sul e da Funda\u00e7\u00e3o M\u00e1rio Soares, de Portugal, e o patroc\u00ednio da Eletrobr\u00e1s, Caixa Econ\u00f4mica Federal e Correios.<\/DIV><br \/>\n<DIV>&nbsp;<\/DIV><\/p>\n<p> Zero Hora e Rede PDT<\/p>\n<!-- AddThis Advanced Settings generic via filter on the_content --><!-- AddThis Share Buttons generic via filter on the_content -->","protected":false},"excerpt":{"rendered":"<p>Porto Alegre ser\u00e1 a primeira cidade a receber a exposi\u00e7\u00e3o hist\u00f3rica e cultural ?Um Brasileiro Chamado Brizola?. O projeto inicia-se, amanh\u00e3 (02\/5), \u00e0s 19h30min, na Usina do Gas\u00f4metro, com a mostra de 48 pain\u00e9is, que contam, atrav\u00e9s de fotos, recortes de jornal e textos, a trajet\u00f3ria do ex-governador ga\u00facho em 60 anos de vida p\u00fablica&#8230;.<!-- AddThis Advanced Settings generic via filter on wp_trim_excerpt --><!-- AddThis Share Buttons generic via filter on wp_trim_excerpt --><\/p>\n","protected":false},"author":17,"featured_media":0,"comment_status":"closed","ping_status":"open","sticky":false,"template":"","format":"standard","meta":{"_monsterinsights_skip_tracking":false,"_monsterinsights_sitenote_active":false,"_monsterinsights_sitenote_note":"","_monsterinsights_sitenote_category":0,"_uf_show_specific_survey":0,"_uf_disable_surveys":false,"footnotes":""},"categories":[976],"tags":[],"class_list":["post-18919","post","type-post","status-publish","format-standard","hentry","category-noticias-em-destaque"],"acf":[],"_links":{"self":[{"href":"https:\/\/pdt-rj.org.br\/index.php\/wp-json\/wp\/v2\/posts\/18919","targetHints":{"allow":["GET"]}}],"collection":[{"href":"https:\/\/pdt-rj.org.br\/index.php\/wp-json\/wp\/v2\/posts"}],"about":[{"href":"https:\/\/pdt-rj.org.br\/index.php\/wp-json\/wp\/v2\/types\/post"}],"author":[{"embeddable":true,"href":"https:\/\/pdt-rj.org.br\/index.php\/wp-json\/wp\/v2\/users\/17"}],"replies":[{"embeddable":true,"href":"https:\/\/pdt-rj.org.br\/index.php\/wp-json\/wp\/v2\/comments?post=18919"}],"version-history":[{"count":1,"href":"https:\/\/pdt-rj.org.br\/index.php\/wp-json\/wp\/v2\/posts\/18919\/revisions"}],"predecessor-version":[{"id":57693,"href":"https:\/\/pdt-rj.org.br\/index.php\/wp-json\/wp\/v2\/posts\/18919\/revisions\/57693"}],"wp:attachment":[{"href":"https:\/\/pdt-rj.org.br\/index.php\/wp-json\/wp\/v2\/media?parent=18919"}],"wp:term":[{"taxonomy":"category","embeddable":true,"href":"https:\/\/pdt-rj.org.br\/index.php\/wp-json\/wp\/v2\/categories?post=18919"},{"taxonomy":"post_tag","embeddable":true,"href":"https:\/\/pdt-rj.org.br\/index.php\/wp-json\/wp\/v2\/tags?post=18919"}],"curies":[{"name":"wp","href":"https:\/\/api.w.org\/{rel}","templated":true}]}}