{"id":18587,"date":"2013-09-06T09:04:10","date_gmt":"2013-09-06T12:04:10","guid":{"rendered":"http:\/\/pdt-rj.org.br\/index.php\/carlos-lupi-sera-recebido-pelo-pdt-em-dom-pedro-ma"},"modified":"2017-04-28T16:00:26","modified_gmt":"2017-04-28T19:00:26","slug":"carlos-lupi-sera-recebido-pelo-12-em-dom-pedro-ma","status":"publish","type":"post","link":"https:\/\/pdt-rj.org.br\/index.php\/carlos-lupi-sera-recebido-pelo-12-em-dom-pedro-ma\/","title":{"rendered":"Carlos Lupi ser\u00e1 recebido pelo PDT em Dom Pedro (MA)"},"content":{"rendered":"<p>Carlos Lupi, presidente nacional do PDT, chega \u00e0\u00a0cidade de Dom Pedro neste s\u00e1bado (7) para um grande encontro do partido. Na ocasi\u00e3o, ele passar\u00e1 a presid\u00eancia do Diret\u00f3rio Municipal para F\u00e1bio Macedo. \u201cVamos fazer uma grande festa e gostaria de convidar todos para prestigiar o nosso encontro\u201d, disse F\u00e1bio Macedo aos conterr\u00e2neos em recente encontro na cidade.<\/p>\n<p>Est\u00e3o sendo esperados centenas de partid\u00e1rios e simpatizantes do partido, a visita do presidente nacional vai aquecer a regi\u00e3o que apresenta fortes concorrentes as vagas nas elei\u00e7\u00f5es de 2014. Estar\u00e3o presentes o dirigente estadual Juli\u00e3o Amin, o comandante do PDT de S\u00e3o Lu\u00eds (MA), Weverton Rocha, e o prefeito da cidade Hernando Macedo.<\/p>\n<p>Para F\u00e1bio Macedo dirigir o partido na sua cidade natal \u00e9 uma honra, \u201cvamos movimentar o partido, buscar novos filiados, buscar alternativas de contribuir para o desenvolvimento de Dom Pedro, tenho certeza que com a nova diret\u00f3ria vai que contar ainda com meus amigos Neto Modestino e Ademar Junior [J\u00fanior do B\u00e1] vamos construir um partido s\u00f3lido e forte em Dom Pedro\u201d Destacou F\u00e1bio Macedo.<\/p>\n<p>O Encontro ser\u00e1 realizado na Escola Estado da Para\u00edba as 16h deste s\u00e1bado e promete movimentar a cidade.<\/p>\n<!-- AddThis Advanced Settings generic via filter on the_content --><!-- AddThis Share Buttons generic via filter on the_content -->","protected":false},"excerpt":{"rendered":"<p>Carlos Lupi, presidente nacional do PDT, chega \u00e0\u00a0cidade de Dom Pedro neste s\u00e1bado (7) para um grande encontro do partido. Na ocasi\u00e3o, ele passar\u00e1 a presid\u00eancia do Diret\u00f3rio Municipal para F\u00e1bio Macedo. \u201cVamos fazer uma grande festa e gostaria de convidar todos para prestigiar o nosso encontro\u201d, disse F\u00e1bio Macedo aos conterr\u00e2neos em recente encontro&#8230;<!-- AddThis Advanced Settings generic via filter on wp_trim_excerpt --><!-- AddThis Share Buttons generic via filter on wp_trim_excerpt --><\/p>\n","protected":false},"author":17,"featured_media":18588,"comment_status":"open","ping_status":"open","sticky":false,"template":"","format":"standard","meta":{"_monsterinsights_skip_tracking":false,"_monsterinsights_sitenote_active":false,"_monsterinsights_sitenote_note":"","_monsterinsights_sitenote_category":0,"_uf_show_specific_survey":0,"_uf_disable_surveys":false,"footnotes":""},"categories":[1402],"tags":[196,2277,2263,38,1619,962],"class_list":["post-18587","post","type-post","status-publish","format-standard","has-post-thumbnail","hentry","category-cidades","tag-carlos-lupi","tag-fabio-macedo","tag-juliao-amin","tag-pdt","tag-sao-luis-ma","tag-weverton-rocha"],"acf":[],"_links":{"self":[{"href":"https:\/\/pdt-rj.org.br\/index.php\/wp-json\/wp\/v2\/posts\/18587","targetHints":{"allow":["GET"]}}],"collection":[{"href":"https:\/\/pdt-rj.org.br\/index.php\/wp-json\/wp\/v2\/posts"}],"about":[{"href":"https:\/\/pdt-rj.org.br\/index.php\/wp-json\/wp\/v2\/types\/post"}],"author":[{"embeddable":true,"href":"https:\/\/pdt-rj.org.br\/index.php\/wp-json\/wp\/v2\/users\/17"}],"replies":[{"embeddable":true,"href":"https:\/\/pdt-rj.org.br\/index.php\/wp-json\/wp\/v2\/comments?post=18587"}],"version-history":[{"count":2,"href":"https:\/\/pdt-rj.org.br\/index.php\/wp-json\/wp\/v2\/posts\/18587\/revisions"}],"predecessor-version":[{"id":53733,"href":"https:\/\/pdt-rj.org.br\/index.php\/wp-json\/wp\/v2\/posts\/18587\/revisions\/53733"}],"wp:featuredmedia":[{"embeddable":true,"href":"https:\/\/pdt-rj.org.br\/index.php\/wp-json\/wp\/v2\/media\/18588"}],"wp:attachment":[{"href":"https:\/\/pdt-rj.org.br\/index.php\/wp-json\/wp\/v2\/media?parent=18587"}],"wp:term":[{"taxonomy":"category","embeddable":true,"href":"https:\/\/pdt-rj.org.br\/index.php\/wp-json\/wp\/v2\/categories?post=18587"},{"taxonomy":"post_tag","embeddable":true,"href":"https:\/\/pdt-rj.org.br\/index.php\/wp-json\/wp\/v2\/tags?post=18587"}],"curies":[{"name":"wp","href":"https:\/\/api.w.org\/{rel}","templated":true}]}}