{"id":18169,"date":"2013-07-13T12:55:16","date_gmt":"2013-07-13T15:55:16","guid":{"rendered":"http:\/\/pdt-rj.org.br\/index.php\/mapi-elege-nova-diretoria-no-rio-de-janeiro-e-divulga-nota"},"modified":"2017-01-27T14:06:29","modified_gmt":"2017-01-27T16:06:29","slug":"mapi-elege-nova-diretoria-no-rio-de-janeiro-e-divulga-nota","status":"publish","type":"post","link":"https:\/\/pdt-rj.org.br\/index.php\/mapi-elege-nova-diretoria-no-rio-de-janeiro-e-divulga-nota\/","title":{"rendered":"Mapi elege nova diretoria no Rio de Janeiro e divulga nota"},"content":{"rendered":"<p>O Movimento dos Aposentados, Pensionistas e Idosos (Mapi)\u00a0do\u00a0Rio de Janeiro, elegeu, na \u00faltima sexta-feira (12) em conven\u00e7\u00e3o estadual, a sua nova diretoria para o bi\u00eanio 2013\/2015.\u00a0<\/p>\n<p>A elei\u00e7\u00e3o foi realizada no sal\u00e3o de entrada da sede nacional da Funda\u00e7\u00e3o Leonel Brizola \u2013 Alberto Pasqualini (FLB-AP), na rua do Teatro 39 \u2013 Pra\u00e7a Tiradentes, Centro do Rio de Janeiro.<\/p>\n<p>Na oportunidade, tamb\u00e9m foi divulgada nota do movimento dos aposentados em solidariedade ao presidente nacional do PDT, Carlos Lupi, e cr\u00edticas ao vereador Leonel Brizola Neto, do munic\u00edpio do Rio de Janeiro, devido a incidente ocorrido na reuni\u00e3o do Diret\u00f3rio Regional do PDT da \u00faltima segunda-feira (8).<\/p>\n<p><strong>Veja a \u00edntegra da nota:<\/strong><\/p>\n<p>&#8220;O Movimento de Aposentados, Pensionistas e Idosos-MAPI-do Estado do Rio de Janeiro, vem manifestar seu rep\u00fadio em rela\u00e7\u00e3o aos fatos ocorridos durante a reuni\u00e3o do Diret\u00f3rio Estadual do PDT realizada na sede da Funda\u00e7\u00e3o Leonel Brizola-Alberto Pasqualini, no centro da cidade, na segunda feira, dia 08 de julho de 2013.<\/p>\n<p>&#8220;Durante a reuni\u00e3o, que transcorria normalmente, ao conceder \u00e0 palavra para o Vereador Leonel Brizola Neto, este, ap\u00f3s 25 minutos de fala, referiu-se insistentemente, de forma descort\u00eas ao Presidente Carlos Lupi, tendo ainda, o Vereador, afastado o microfone &#8211; covardemente- para chama-lo de &#8220;ladr\u00e3o&#8221;.<\/p>\n<p>&#8220;A partir de ent\u00e3o, criou-se uma confus\u00e3o onde de fato houve empurra , empurra, por\u00e9m, n\u00e3o houve\u00a0 agress\u00f5es f\u00edsicas como querem propagar n\u00e3o apenas no Rio de Janeiro, mas tamb\u00e9m no Estado do Rio Grande do Sul.<\/p>\n<p>&#8220;Diante da confus\u00e3o que propositalmente o Vereador provocou, foi retirado do audit\u00f3rio por seus poucos simpatizantes, sempre com semblante e palavras provocativas .<\/p>\n<p>&#8220;Como \u00e9 de conhecimento amplo, o Vereador Leonel Brizola Neto vem, junto com simpatizantes, agredindo verbal e sistematicamente ao Presidente Carlos Lupi e \u00e0 institui\u00e7\u00e3o, que em nenhum momento manifestou nem manifesta &#8211; em seu nome ou do\u00a0 Partido- qualquer atitude contra os ataques e insultos que vem sofrendo. Pelo contr\u00e1rio.<\/p>\n<p>&#8220;\u00c9 incontest\u00e1vel que a insatisfa\u00e7\u00e3o do Vereador e simpatizantes, \u00e9 pelo simples fato de que se considera &#8220;herdeiro do partido&#8221;, esquecendo que o PDT \u00e9 uma institui\u00e7\u00e3o pol\u00edtica, e n\u00e3o est\u00e1 arrolada nos bens herdados por ele e seus irm\u00e3os, quando do falecimento de seu av\u00f4 e fundador do Partido, o sempre l\u00edder Leonel Brizola.<\/p>\n<p>&#8220;Assim \u00e9 que o MAPI , reitera o seu mais\u00a0 veemente rep\u00fadio aos lament\u00e1veis acontecimentos inequivocamente provocados pelo Vereador Leonel Brizola Neto, mormente \u00e0s inverdades que vem espraiando no Rio de Janeiro e no Estado do Rio Grande do Sul, desconhecendo que Carlos Lupi \u00e9 Presidente\u00a0 Nacional do PDT, eleito democraticamente&#8221;.<\/p>\n<p><strong>Veja a composi\u00e7\u00e3o da nova diretoria do MAPI:<\/strong><\/p>\n<p>Presidente: Maria Jos\u00e9 Latg\u00e9 Kwamme<\/p>\n<p>Vice Presidente: Olga Am\u00e9lia Soares Telles<\/p>\n<p>Secret\u00e1rio-geral: Lu\u00eds da Ponte<\/p>\n<p>Secret\u00e1rio adjunto: Jos\u00e9 Ant\u00f4nio F.Nogueira<\/p>\n<p>Tesoureiro: Maria Jos\u00e9 Ramalho<\/p>\n<p>Tesoureiro Adjunto: Sady Motta<\/p>\n<p>Secretaria Jur\u00eddica: Mara Hofans<\/p>\n<p>Secret\u00e1rio Adjunto: Franklin Palmeira<\/p>\n<p>Secret\u00e1rio Adjunto: Carlos Alberto Rodrigues<\/p>\n<p>Secret\u00e1rio de Comunica\u00e7\u00e3o: \u00c1pio Gomes<\/p>\n<p>Vogal :Lu\u00eds da Silva Oliveira<\/p>\n<!-- AddThis Advanced Settings generic via filter on the_content --><!-- AddThis Share Buttons generic via filter on the_content -->","protected":false},"excerpt":{"rendered":"<p>O Movimento dos Aposentados, Pensionistas e Idosos (Mapi)\u00a0do\u00a0Rio de Janeiro, elegeu, na \u00faltima sexta-feira (12) em conven\u00e7\u00e3o estadual, a sua nova diretoria para o bi\u00eanio 2013\/2015.\u00a0 A elei\u00e7\u00e3o foi realizada no sal\u00e3o de entrada da sede nacional da Funda\u00e7\u00e3o Leonel Brizola \u2013 Alberto Pasqualini (FLB-AP), na rua do Teatro 39 \u2013 Pra\u00e7a Tiradentes, Centro do&#8230;<!-- AddThis Advanced Settings generic via filter on wp_trim_excerpt --><!-- AddThis Share Buttons generic via filter on wp_trim_excerpt --><\/p>\n","protected":false},"author":17,"featured_media":18170,"comment_status":"closed","ping_status":"closed","sticky":false,"template":"","format":"standard","meta":{"_monsterinsights_skip_tracking":false,"_monsterinsights_sitenote_active":false,"_monsterinsights_sitenote_note":"","_monsterinsights_sitenote_category":0,"_uf_show_specific_survey":0,"_uf_disable_surveys":false,"footnotes":""},"categories":[1588,1397],"tags":[],"class_list":["post-18169","post","type-post","status-publish","format-standard","has-post-thumbnail","hentry","category-mapi","category-movimentos"],"acf":[],"_links":{"self":[{"href":"https:\/\/pdt-rj.org.br\/index.php\/wp-json\/wp\/v2\/posts\/18169","targetHints":{"allow":["GET"]}}],"collection":[{"href":"https:\/\/pdt-rj.org.br\/index.php\/wp-json\/wp\/v2\/posts"}],"about":[{"href":"https:\/\/pdt-rj.org.br\/index.php\/wp-json\/wp\/v2\/types\/post"}],"author":[{"embeddable":true,"href":"https:\/\/pdt-rj.org.br\/index.php\/wp-json\/wp\/v2\/users\/17"}],"replies":[{"embeddable":true,"href":"https:\/\/pdt-rj.org.br\/index.php\/wp-json\/wp\/v2\/comments?post=18169"}],"version-history":[{"count":1,"href":"https:\/\/pdt-rj.org.br\/index.php\/wp-json\/wp\/v2\/posts\/18169\/revisions"}],"predecessor-version":[{"id":52592,"href":"https:\/\/pdt-rj.org.br\/index.php\/wp-json\/wp\/v2\/posts\/18169\/revisions\/52592"}],"wp:featuredmedia":[{"embeddable":true,"href":"https:\/\/pdt-rj.org.br\/index.php\/wp-json\/wp\/v2\/media\/18170"}],"wp:attachment":[{"href":"https:\/\/pdt-rj.org.br\/index.php\/wp-json\/wp\/v2\/media?parent=18169"}],"wp:term":[{"taxonomy":"category","embeddable":true,"href":"https:\/\/pdt-rj.org.br\/index.php\/wp-json\/wp\/v2\/categories?post=18169"},{"taxonomy":"post_tag","embeddable":true,"href":"https:\/\/pdt-rj.org.br\/index.php\/wp-json\/wp\/v2\/tags?post=18169"}],"curies":[{"name":"wp","href":"https:\/\/api.w.org\/{rel}","templated":true}]}}