{"id":18037,"date":"2013-07-03T16:05:16","date_gmt":"2013-07-03T19:05:16","guid":{"rendered":"http:\/\/pdt-rj.org.br\/index.php\/mapi-rj-faz-convencao-estadual-no-proximo-dia-12-de-julho"},"modified":"2017-01-27T14:07:05","modified_gmt":"2017-01-27T16:07:05","slug":"mapi-rj-faz-convencao-estadual-no-proximo-dia-12-de-julho","status":"publish","type":"post","link":"https:\/\/pdt-rj.org.br\/index.php\/mapi-rj-faz-convencao-estadual-no-proximo-dia-12-de-julho\/","title":{"rendered":"Mapi-RJ faz conven\u00e7\u00e3o estadual no pr\u00f3ximo dia 12 de julho"},"content":{"rendered":"<p>O Movimento dos Aposentados, Pensionistas e Idosos (Mapi), se&ccedil;&atilde;o Rio de Janeiro, divulgou no &uacute;ltimo dia 2 de julho Edital de Convoca&ccedil;&atilde;o para a conven&ccedil;&atilde;o estadual que se realizar&aacute; no pr&oacute;ximo dia 12 de julho de 2013, das 14h &agrave;s 18h, na sede da Funda&ccedil;&atilde;o Leonel Brizola &ndash; Alberto Pasqualini do Rio de Janeiro, na Rua do Teatro 39 &ndash; Pra&ccedil;a Tiradentes, centro da cidade.<\/p>\n<p>A &iacute;ntegra do edital diz:<\/p>\n<p>&ldquo;Nos termos da legisla&ccedil;&atilde;o e em conformidade com os estatutos do Partido Democr&aacute;tico Trabalhista (PDT), e do Movimento de Aposentados, Pensionistas e Idosos (Mapi), convocamos todos os membros do diret&oacute;rio estadual do Mapi para a conven&ccedil;&atilde;o estadual que ser&aacute; realizada no dia 12 de julho de 2013, com in&iacute;cio &agrave;s 14h e t&eacute;rmino para &agrave;s 18h, na sede da Funda&ccedil;&atilde;o Leonel Brizola Alberto Pasqualine, rua do Teatro 39, Pra&ccedil;a Tiradentes, Centro, Rio de Janeiro, para deliberarmos sobre a seguinte ordem do dia:<\/p>\n<ol>\n<li>Elei&ccedil;&atilde;o da Diretoria Executiva;<\/li>\n<li>Elei&ccedil;&atilde;o do Conselho Fiscal;<\/li>\n<li>Elei&ccedil;&atilde;o do Conselho de &Eacute;tica;<\/li>\n<li>Elei&ccedil;&atilde;o do Conselho Pol&iacute;tico; e<\/li>\n<li>Elei&ccedil;&atilde;o do Conselho de Cultura.<\/li>\n<\/ol>\n<p>Rio de janeiro, 02 de julho de 2013<\/p>\n<p>Maria Jos&eacute; Latg&eacute; Kwamme &ndash; presidente nacional do Mapi<\/p>\n<p>OM &#8211; Ascom PDT<\/p>\n<!-- AddThis Advanced Settings generic via filter on the_content --><!-- AddThis Share Buttons generic via filter on the_content -->","protected":false},"excerpt":{"rendered":"<p>O Movimento dos Aposentados, Pensionistas e Idosos (Mapi), se&ccedil;&atilde;o Rio de Janeiro, divulgou no &uacute;ltimo dia 2 de julho Edital de Convoca&ccedil;&atilde;o para a conven&ccedil;&atilde;o estadual que se realizar&aacute; no pr&oacute;ximo dia 12 de julho de 2013, das 14h &agrave;s 18h, na sede da Funda&ccedil;&atilde;o Leonel Brizola &ndash; Alberto Pasqualini do Rio de Janeiro, na&#8230;<!-- AddThis Advanced Settings generic via filter on wp_trim_excerpt --><!-- AddThis Share Buttons generic via filter on wp_trim_excerpt --><\/p>\n","protected":false},"author":17,"featured_media":18038,"comment_status":"closed","ping_status":"closed","sticky":false,"template":"","format":"standard","meta":{"_monsterinsights_skip_tracking":false,"_monsterinsights_sitenote_active":false,"_monsterinsights_sitenote_note":"","_monsterinsights_sitenote_category":0,"_uf_show_specific_survey":0,"_uf_disable_surveys":false,"footnotes":""},"categories":[1588,1397],"tags":[],"class_list":["post-18037","post","type-post","status-publish","format-standard","has-post-thumbnail","hentry","category-mapi","category-movimentos"],"acf":[],"_links":{"self":[{"href":"https:\/\/pdt-rj.org.br\/index.php\/wp-json\/wp\/v2\/posts\/18037","targetHints":{"allow":["GET"]}}],"collection":[{"href":"https:\/\/pdt-rj.org.br\/index.php\/wp-json\/wp\/v2\/posts"}],"about":[{"href":"https:\/\/pdt-rj.org.br\/index.php\/wp-json\/wp\/v2\/types\/post"}],"author":[{"embeddable":true,"href":"https:\/\/pdt-rj.org.br\/index.php\/wp-json\/wp\/v2\/users\/17"}],"replies":[{"embeddable":true,"href":"https:\/\/pdt-rj.org.br\/index.php\/wp-json\/wp\/v2\/comments?post=18037"}],"version-history":[{"count":1,"href":"https:\/\/pdt-rj.org.br\/index.php\/wp-json\/wp\/v2\/posts\/18037\/revisions"}],"predecessor-version":[{"id":52593,"href":"https:\/\/pdt-rj.org.br\/index.php\/wp-json\/wp\/v2\/posts\/18037\/revisions\/52593"}],"wp:featuredmedia":[{"embeddable":true,"href":"https:\/\/pdt-rj.org.br\/index.php\/wp-json\/wp\/v2\/media\/18038"}],"wp:attachment":[{"href":"https:\/\/pdt-rj.org.br\/index.php\/wp-json\/wp\/v2\/media?parent=18037"}],"wp:term":[{"taxonomy":"category","embeddable":true,"href":"https:\/\/pdt-rj.org.br\/index.php\/wp-json\/wp\/v2\/categories?post=18037"},{"taxonomy":"post_tag","embeddable":true,"href":"https:\/\/pdt-rj.org.br\/index.php\/wp-json\/wp\/v2\/tags?post=18037"}],"curies":[{"name":"wp","href":"https:\/\/api.w.org\/{rel}","templated":true}]}}