{"id":13099,"date":"2012-05-02T17:20:48","date_gmt":"2012-05-02T17:20:48","guid":{"rendered":"http:\/\/www.malungo2.com.br\/pdt\/desenv\/index.php\/eleitores-tem-ate-9-de-maio-para-regularizar-titulo"},"modified":"2017-10-25T15:06:04","modified_gmt":"2017-10-25T17:06:04","slug":"eleitores-tem-ate-9-de-maio-para-regularizar-titulo","status":"publish","type":"post","link":"https:\/\/pdt-rj.org.br\/index.php\/eleitores-tem-ate-9-de-maio-para-regularizar-titulo\/","title":{"rendered":"Eleitores t\u00eam at\u00e9 9 de maio para regularizar t\u00edtulo"},"content":{"rendered":"<p>Eleitores que precisam tirar o t&iacute;tulo pela primeira vez ou aqueles  que precisam transferir seu domic&iacute;lio eleitoral e n&atilde;o fizerem at&eacute; o dia 9  de maio, n&atilde;o poder&atilde;o ir &agrave;s urnas em outubro e escolher seus candidatos.<\/p>\n<p>O prazo tamb&eacute;m &eacute; v&aacute;lido para aqueles que est&atilde;o com o t&iacute;tulo  cancelado, e tamb&eacute;m para os eleitores com defici&ecirc;ncia ou mobilidade  reduzida que precisam pedir sua transfer&ecirc;ncia para uma se&ccedil;&atilde;o eleitoral  especialmente adaptada, ou seja, com rampa de acesso, situada em andar  t&eacute;rreo, ou ainda se&ccedil;&otilde;es que possuam urnas com fones de ouvido.<\/p>\n<p>Evite longas filas, os Tribunais Eleitorais alertam que &eacute; importante comparecer o quanto antes ao  posto de atendimento da Justi&ccedil;a Eleitoral, levando um documento pessoal  de identifica&ccedil;&atilde;o e comprovante de resid&ecirc;ncia. Homens maiores de 18 anos  que ir&atilde;o tirar o t&iacute;tulo pela primeira vez devem apresentar comprovante  de quita&ccedil;&atilde;o do servi&ccedil;o militar.<\/p>\n<!-- AddThis Advanced Settings generic via filter on the_content --><!-- AddThis Share Buttons generic via filter on the_content -->","protected":false},"excerpt":{"rendered":"<p>Eleitores que precisam tirar o t&iacute;tulo pela primeira vez ou aqueles que precisam transferir seu domic&iacute;lio eleitoral e n&atilde;o fizerem at&eacute; o dia 9 de maio, n&atilde;o poder&atilde;o ir &agrave;s urnas em outubro e escolher seus candidatos. O prazo tamb&eacute;m &eacute; v&aacute;lido para aqueles que est&atilde;o com o t&iacute;tulo cancelado, e tamb&eacute;m para os eleitores&#8230;<!-- AddThis Advanced Settings generic via filter on wp_trim_excerpt --><!-- AddThis Share Buttons generic via filter on wp_trim_excerpt --><\/p>\n","protected":false},"author":17,"featured_media":13100,"comment_status":"open","ping_status":"open","sticky":false,"template":"","format":"standard","meta":{"_monsterinsights_skip_tracking":false,"_monsterinsights_sitenote_active":false,"_monsterinsights_sitenote_note":"","_monsterinsights_sitenote_category":0,"_uf_show_specific_survey":0,"_uf_disable_surveys":false,"footnotes":""},"categories":[976],"tags":[],"class_list":["post-13099","post","type-post","status-publish","format-standard","has-post-thumbnail","hentry","category-noticias-em-destaque"],"acf":[],"_links":{"self":[{"href":"https:\/\/pdt-rj.org.br\/index.php\/wp-json\/wp\/v2\/posts\/13099","targetHints":{"allow":["GET"]}}],"collection":[{"href":"https:\/\/pdt-rj.org.br\/index.php\/wp-json\/wp\/v2\/posts"}],"about":[{"href":"https:\/\/pdt-rj.org.br\/index.php\/wp-json\/wp\/v2\/types\/post"}],"author":[{"embeddable":true,"href":"https:\/\/pdt-rj.org.br\/index.php\/wp-json\/wp\/v2\/users\/17"}],"replies":[{"embeddable":true,"href":"https:\/\/pdt-rj.org.br\/index.php\/wp-json\/wp\/v2\/comments?post=13099"}],"version-history":[{"count":1,"href":"https:\/\/pdt-rj.org.br\/index.php\/wp-json\/wp\/v2\/posts\/13099\/revisions"}],"predecessor-version":[{"id":56062,"href":"https:\/\/pdt-rj.org.br\/index.php\/wp-json\/wp\/v2\/posts\/13099\/revisions\/56062"}],"wp:featuredmedia":[{"embeddable":true,"href":"https:\/\/pdt-rj.org.br\/index.php\/wp-json\/wp\/v2\/media\/13100"}],"wp:attachment":[{"href":"https:\/\/pdt-rj.org.br\/index.php\/wp-json\/wp\/v2\/media?parent=13099"}],"wp:term":[{"taxonomy":"category","embeddable":true,"href":"https:\/\/pdt-rj.org.br\/index.php\/wp-json\/wp\/v2\/categories?post=13099"},{"taxonomy":"post_tag","embeddable":true,"href":"https:\/\/pdt-rj.org.br\/index.php\/wp-json\/wp\/v2\/tags?post=13099"}],"curies":[{"name":"wp","href":"https:\/\/api.w.org\/{rel}","templated":true}]}}